{"id":129512,"date":"2026-04-07T19:57:09","date_gmt":"2026-04-07T22:57:09","guid":{"rendered":"https:\/\/www.locoxelrojo.com\/independiente\/?p=129512"},"modified":"2026-04-07T19:57:09","modified_gmt":"2026-04-07T22:57:09","slug":"quinonez-volvio-al-gol-en-ecuador","status":"publish","type":"post","link":"https:\/\/www.locoxelrojo.com\/independiente\/2026\/04\/07\/quinonez-volvio-al-gol-en-ecuador\/","title":{"rendered":"Qui\u00f1\u00f3nez volvi\u00f3 al gol en Ecuador"},"content":{"rendered":"<p><strong>Jhonny Qui\u00f1\u00f3nez <\/strong>arranc\u00f3 como titular y marc\u00f3 uno de los goles en la victoria 2-0 frente a Liga de Quito, por la fecha 7 del torneo ecuatoriano.<\/p>\n<p>El mediocampista tuvo incidencia directa en el resultado y complet\u00f3 una de sus mejores actuaciones recientes.<\/p>\n<p>A continuaci\u00f3n, <strong>el repaso del resto de los jugadores de Independiente a pr\u00e9stamo:<\/strong><\/p>\n<p><strong>David Mart\u00ednez \u2013 Volos (Grecia):<\/strong> integr\u00f3 el once inicial en el empate 1-1 frente a OFI.<\/p>\n<p><strong>Ignacio Maestro Puch \u2013 Puebla (M\u00e9xico):<\/strong> contin\u00faa con la recuperaci\u00f3n de su lesi\u00f3n y todav\u00eda no volvi\u00f3 a estar disponible.<\/p>\n<p><strong>Braian Mart\u00ednez \u2013 Everton (Chile):<\/strong> arranc\u00f3 desde el inicio en el 0-0 frente a \u00d1ublense, por la jornada 8 del campeonato chileno.<\/p>\n<p><strong>Diego Segovia \u2013 Deportivo Maldonado (Uruguay):<\/strong> defendi\u00f3 el arco desde el arranque en la ca\u00edda 2-1 ante Central Espa\u00f1ol por la fecha 9 y repiti\u00f3 presencia en el triunfo 2-0 contra Liverpool en la jornada siguiente.<\/p>\n<p><strong>Federico Vera \u2013 Hurac\u00e1n:<\/strong> dej\u00f3 atr\u00e1s una lesi\u00f3n y volvi\u00f3 a sumar minutos. Entr\u00f3 a los 80\u2019 en el 3-0 frente a Gimnasia y Esgrima. Adem\u00e1s integr\u00f3 el banco en el triunfo 2-1 por Copa Argentina.<\/p>\n<p><strong>Enzo Taborda \u2013 Barracas Central:<\/strong> el cuerpo t\u00e9cnico no lo incluy\u00f3 en la convocatoria para la fecha 13.<\/p>\n<p><strong>Santiago L\u00f3pez \u2013 Tigre:<\/strong> form\u00f3 parte del equipo inicial en la derrota 2-0 frente a Independiente Rivadavia.<\/p>\n<p><strong>Santiago Salle \u2013 Sarmiento de Jun\u00edn:<\/strong> qued\u00f3 afuera de la lista en la ca\u00edda 2-1 ante Barracas Central.<\/p>\n<p><strong>Lucas Rom\u00e1n \u2013 Atl\u00e9tico Tucum\u00e1n:<\/strong> ocup\u00f3 un lugar entre los suplentes en la jornada 13 del torneo local.<\/p>\n<p><strong>Alan Laprida \u2013 Central C\u00f3rdoba:<\/strong> ingres\u00f3 en el complemento durante la derrota 3-1 frente a Newell\u2019s.<\/p>\n<p><strong>Agust\u00edn Quiroga \u2013 Central C\u00f3rdoba:<\/strong> tambi\u00e9n sum\u00f3 minutos al entrar en el segundo tiempo ante la Lepra.<\/p>\n<p><strong>Franco Paredes \u2013 Argentinos Juniors:<\/strong> integr\u00f3 el banco de suplentes en la victoria 3-2 frente a Banfield.<\/p>\n<p><strong>Walter Mazzantti \u2013 Newell\u2019s:<\/strong> volvi\u00f3 a iniciar como titular en la victoria 3-1 contra Central C\u00f3rdoba y repiti\u00f3 presencia desde el arranque en el partido de Copa Argentina.<\/p>\n<p><strong>Rodrigo M\u00e1rquez \u2013 Aldosivi:<\/strong> ocup\u00f3 un lugar entre los relevos en el empate sin goles frente a Estudiantes de R\u00edo Cuarto.<\/p>\n<p><strong>Sergio Ort\u00edz \u2013 Los Andes:<\/strong> comenz\u00f3 como titular en la derrota 1-0 del cl\u00e1sico ante Temperley y repiti\u00f3 presencia en el once inicial en el triunfo 2-0 frente a Chaco For Ever.<\/p>\n<p><strong>Kevin L\u00f3pez \u2013 San Mart\u00edn de Tucum\u00e1n:<\/strong> arranc\u00f3 desde el inicio en la fecha 7, donde enfrent\u00f3 a Deportivo Madryn, y en la jornada 8 frente a Chacarita.<\/p>\n<p><strong>Patricio Ostachuk \u2013 Atlanta:<\/strong> form\u00f3 parte del equipo titular en la derrota 1-0 frente a Ferro y tambi\u00e9n integr\u00f3 el once inicial contra Instituto por Copa Argentina.<\/p>\n<p><strong>Tom\u00e1s Rambert \u2013 Ciudad de Bol\u00edvar:<\/strong> sigue con la recuperaci\u00f3n de su lesi\u00f3n.<\/p>\n<p><strong>Mauro Zurita \u2013 Villa D\u00e1lmine:<\/strong> qued\u00f3 afuera de la convocatoria en la fecha 9 frente a Brown de Adrogu\u00e9.<\/p>\n","protected":false},"excerpt":{"rendered":"<p>Jhonny Qui\u00f1\u00f3nez arranc\u00f3 como titular y marc\u00f3 uno de los goles en la victoria 2-0 frente a Liga de Quito, por la fecha 7 del torneo ecuatoriano. El mediocampista tuvo incidencia directa en el resultado y complet\u00f3 una de sus mejores actuaciones recientes. A continuaci\u00f3n, el repaso del resto de los jugadores de Independiente a [&hellip;]<\/p>\n","protected":false},"author":101042,"featured_media":129514,"comment_status":"open","ping_status":"closed","sticky":false,"template":"","format":"standard","meta":{"_links_to":"","_links_to_target":""},"categories":[3297,3247],"tags":[4805,5384,4452,153,5205,4429,5150,5567,5572,5556,5554,5303,5772,4234,4739,4050,5162,5244,4582,4151,5742],"_links":{"self":[{"href":"https:\/\/www.locoxelrojo.com\/independiente\/wp-json\/wp\/v2\/posts\/129512"}],"collection":[{"href":"https:\/\/www.locoxelrojo.com\/independiente\/wp-json\/wp\/v2\/posts"}],"about":[{"href":"https:\/\/www.locoxelrojo.com\/independiente\/wp-json\/wp\/v2\/types\/post"}],"author":[{"embeddable":true,"href":"https:\/\/www.locoxelrojo.com\/independiente\/wp-json\/wp\/v2\/users\/101042"}],"replies":[{"embeddable":true,"href":"https:\/\/www.locoxelrojo.com\/independiente\/wp-json\/wp\/v2\/comments?post=129512"}],"version-history":[{"count":3,"href":"https:\/\/www.locoxelrojo.com\/independiente\/wp-json\/wp\/v2\/posts\/129512\/revisions"}],"predecessor-version":[{"id":129516,"href":"https:\/\/www.locoxelrojo.com\/independiente\/wp-json\/wp\/v2\/posts\/129512\/revisions\/129516"}],"wp:featuredmedia":[{"embeddable":true,"href":"https:\/\/www.locoxelrojo.com\/independiente\/wp-json\/wp\/v2\/media\/129514"}],"wp:attachment":[{"href":"https:\/\/www.locoxelrojo.com\/independiente\/wp-json\/wp\/v2\/media?parent=129512"}],"wp:term":[{"taxonomy":"category","embeddable":true,"href":"https:\/\/www.locoxelrojo.com\/independiente\/wp-json\/wp\/v2\/categories?post=129512"},{"taxonomy":"post_tag","embeddable":true,"href":"https:\/\/www.locoxelrojo.com\/independiente\/wp-json\/wp\/v2\/tags?post=129512"}],"curies":[{"name":"wp","href":"https:\/\/api.w.org\/{rel}","templated":true}]}}