{"id":129517,"date":"2026-04-07T20:46:10","date_gmt":"2026-04-07T23:46:10","guid":{"rendered":"https:\/\/www.locoxelrojo.com\/independiente\/?p=129517"},"modified":"2026-04-07T20:46:10","modified_gmt":"2026-04-07T23:46:10","slug":"valiosa-remontada-de-la-reserva-de-independiente","status":"publish","type":"post","link":"https:\/\/www.locoxelrojo.com\/independiente\/2026\/04\/07\/valiosa-remontada-de-la-reserva-de-independiente\/","title":{"rendered":"Valiosa remontada de la Reserva de Independiente"},"content":{"rendered":"<p><strong>La Reserva de Independiente le gan\u00f3 3-2 a Atl\u00e9tico de Rafaela<\/strong> en el Estadio Libertadores de Am\u00e9rica &#8211; Ricardo Enrique Bochini, por la fecha 8 del Torneo Proyecci\u00f3n Apertura 2026.<\/p>\n<p>Los de Carlos Matheu formaron con: <strong>Mateo Morro; Joshua Velardez, Fernando Closter, Gonzalo Bord\u00f3n, Jonathan De Irastorza; Facundo Cruz, Joel Medina; Mirko D\u00edaz, Tom\u00e1s Parmo, Josias Palais; Felipe Tempone<\/strong>. Tambi\u00e9n, ingresaron: <strong>Sim\u00f3n Bodnar, Nahuel Junco, Mathias De Las Carreras y Jos\u00e9 Buralli<\/strong>.<\/p>\n<p>El comienzo fue adverso para el Rojo. <strong>A los 8\u2019 el visitante abri\u00f3 el marcador y a los 25 ampli\u00f3 la ventaja para ponerse 0-2.<\/strong> Independiente tuvo la chance de descontar a los 33\u2019 con un penal, pero el arquero de La Crema lo ataj\u00f3.<\/p>\n<p>Sin embargo, el equipo reaccion\u00f3 antes del descanso:<strong> a los 42\u2019 Palais apareci\u00f3 dentro del \u00e1rea y defini\u00f3 para marcar el 1-2<\/strong>.<\/p>\n<p>En el complemento el equipo cambi\u00f3 la cara y tom\u00f3 el control del partido. <strong>A los 24\u2019 Bodnar aprovech\u00f3 una mala salida del arquero rival, enganch\u00f3 dentro del \u00e1rea y defini\u00f3 por arriba para poner el empate 2-2.<\/strong> El Rojo mantuvo la presi\u00f3n en los minutos finales y encontr\u00f3, <strong>de un cabezazo de Velardez, el gol del triunfo 3-2 para sellar una gran remontada<\/strong>.<\/p>\n<p>Con este triunfo <strong>Independiente lleg\u00f3 a 14 puntos, producto de 4 victorias, 2 empates y 2 derrotas<\/strong>. En la pr\u00f3xima jornada, visitar\u00e1 a Col\u00f3n en Santa Fe.<\/p>\n","protected":false},"excerpt":{"rendered":"<p>La Reserva de Independiente le gan\u00f3 3-2 a Atl\u00e9tico de Rafaela en el Estadio Libertadores de Am\u00e9rica &#8211; Ricardo Enrique Bochini, por la fecha 8 del Torneo Proyecci\u00f3n Apertura 2026. Los de Carlos Matheu formaron con: Mateo Morro; Joshua Velardez, Fernando Closter, Gonzalo Bord\u00f3n, Jonathan De Irastorza; Facundo Cruz, Joel Medina; Mirko D\u00edaz, Tom\u00e1s Parmo, [&hellip;]<\/p>\n","protected":false},"author":101042,"featured_media":129518,"comment_status":"open","ping_status":"closed","sticky":false,"template":"","format":"standard","meta":{"_links_to":"","_links_to_target":""},"categories":[3247,141],"tags":[912,27,5682,5403,231,5388,5779],"_links":{"self":[{"href":"https:\/\/www.locoxelrojo.com\/independiente\/wp-json\/wp\/v2\/posts\/129517"}],"collection":[{"href":"https:\/\/www.locoxelrojo.com\/independiente\/wp-json\/wp\/v2\/posts"}],"about":[{"href":"https:\/\/www.locoxelrojo.com\/independiente\/wp-json\/wp\/v2\/types\/post"}],"author":[{"embeddable":true,"href":"https:\/\/www.locoxelrojo.com\/independiente\/wp-json\/wp\/v2\/users\/101042"}],"replies":[{"embeddable":true,"href":"https:\/\/www.locoxelrojo.com\/independiente\/wp-json\/wp\/v2\/comments?post=129517"}],"version-history":[{"count":1,"href":"https:\/\/www.locoxelrojo.com\/independiente\/wp-json\/wp\/v2\/posts\/129517\/revisions"}],"predecessor-version":[{"id":129519,"href":"https:\/\/www.locoxelrojo.com\/independiente\/wp-json\/wp\/v2\/posts\/129517\/revisions\/129519"}],"wp:featuredmedia":[{"embeddable":true,"href":"https:\/\/www.locoxelrojo.com\/independiente\/wp-json\/wp\/v2\/media\/129518"}],"wp:attachment":[{"href":"https:\/\/www.locoxelrojo.com\/independiente\/wp-json\/wp\/v2\/media?parent=129517"}],"wp:term":[{"taxonomy":"category","embeddable":true,"href":"https:\/\/www.locoxelrojo.com\/independiente\/wp-json\/wp\/v2\/categories?post=129517"},{"taxonomy":"post_tag","embeddable":true,"href":"https:\/\/www.locoxelrojo.com\/independiente\/wp-json\/wp\/v2\/tags?post=129517"}],"curies":[{"name":"wp","href":"https:\/\/api.w.org\/{rel}","templated":true}]}}