{"id":12961,"date":"2011-11-24T01:05:26","date_gmt":"2011-11-24T04:05:26","guid":{"rendered":"http:\/\/www.locoxelrojo.com.ar\/independiente\/?p=12961"},"modified":"2015-09-21T22:08:45","modified_gmt":"2015-09-22T01:08:45","slug":"javier-baez-se-hicieron-duros-en-el-primer-tiempo","status":"publish","type":"post","link":"https:\/\/www.locoxelrojo.com\/independiente\/2011\/11\/24\/javier-baez-se-hicieron-duros-en-el-primer-tiempo\/","title":{"rendered":"B\u00e1ez: &#8220;Se hicieron duros en el primer tiempo&#8221;"},"content":{"rendered":"<p><a href=\"http:\/\/www.locoxelrojo.com.ar\/independiente\/wp-content\/uploads\/2011\/11\/javier_baez.jpg\"><img loading=\"lazy\" class=\"alignnone size-full wp-image-12967\" title=\"javier_baez\" src=\"http:\/\/www.locoxelrojo.com.ar\/independiente\/wp-content\/uploads\/2011\/11\/javier_baez.jpg\" alt=\"\" width=\"590\" height=\"315\" srcset=\"https:\/\/locoxelrojo.com\/independiente\/wp-content\/uploads\/2011\/11\/javier_baez.jpg 590w, https:\/\/locoxelrojo.com\/independiente\/wp-content\/uploads\/2011\/11\/javier_baez-300x160.jpg 300w\" sizes=\"(max-width: 590px) 100vw, 590px\" \/><\/a><\/p>\n<p>Luego del partido en Salta que signific\u00f3 el pase a los 16avos de final de la Copa Argentina; <strong>Javier B\u00e1ez dialog\u00f3 con LocoXelRojo <\/strong>y manifest\u00f3 sus sensaciones tras la victoria 4-0 frente a Colegiales. &#8220;<strong>Acabo de leer en Twitter que desvie la pelota en el gol de Parra y no lo vieron por televisi\u00f3n&#8221;<\/strong>, reproch\u00f3 el central a modo de broma.<\/p>\n<p>Luego cont\u00f3 entre risas: <strong>&#8220;yo baj\u00e9 la pelota, alta jugada hice&#8221;.<\/strong> Lo cierto es que el paraguayo se sac\u00f3 un jugador de encima y asisti\u00f3 a Facundo Parra tras el centro de Hern\u00e1n Fredes. B\u00e1ez apenas llevaba 1 partido en lo que va del semestre.<\/p>\n<p><strong>&#8220;Me sent\u00ed muy bien en lo personal; el 9 de ellos aguant\u00f3 todo el partido solo arriba y si bien jugaron al pelotazo y pegaron mucho, se hicieron duros en el primer tiempo &#8220;<\/strong>, explic\u00f3. Por \u00faltimo, cont\u00f3 que en el tercer penal hubo tres situaciones en la misma jugada. <strong>&#8220;A m\u00ed antes me hab\u00edan hecho uno m\u00e1s grande que una casa con el \u00e1rbitro al lado y despu\u00e9s fueron tres en una jugada: primero a Chur\u00edn, despu\u00e9s a Leo y por \u00faltimo a m\u00ed. Faltaba que agarren al \u00e1rbitro nada m\u00e1s&#8221;<\/strong>, ironiz\u00f3.<\/p>\n","protected":false},"excerpt":{"rendered":"<p>Luego del partido en Salta que signific\u00f3 el pase a los 16avos de final de la Copa Argentina; Javier B\u00e1ez dialog\u00f3 con LocoXelRojo y manifest\u00f3 sus sensaciones tras la victoria 4-0 frente a Colegiales. &#8220;Acabo de leer en Twitter que desvie la pelota en el gol de Parra y no lo vieron por televisi\u00f3n&#8221;, reproch\u00f3 [&hellip;]<\/p>\n","protected":false},"author":1,"featured_media":0,"comment_status":"open","ping_status":"open","sticky":false,"template":"","format":"standard","meta":{"_links_to":"","_links_to_target":""},"categories":[800,3,1],"tags":[153,1097,3273,221,903],"_links":{"self":[{"href":"https:\/\/www.locoxelrojo.com\/independiente\/wp-json\/wp\/v2\/posts\/12961"}],"collection":[{"href":"https:\/\/www.locoxelrojo.com\/independiente\/wp-json\/wp\/v2\/posts"}],"about":[{"href":"https:\/\/www.locoxelrojo.com\/independiente\/wp-json\/wp\/v2\/types\/post"}],"author":[{"embeddable":true,"href":"https:\/\/www.locoxelrojo.com\/independiente\/wp-json\/wp\/v2\/users\/1"}],"replies":[{"embeddable":true,"href":"https:\/\/www.locoxelrojo.com\/independiente\/wp-json\/wp\/v2\/comments?post=12961"}],"version-history":[{"count":0,"href":"https:\/\/www.locoxelrojo.com\/independiente\/wp-json\/wp\/v2\/posts\/12961\/revisions"}],"wp:attachment":[{"href":"https:\/\/www.locoxelrojo.com\/independiente\/wp-json\/wp\/v2\/media?parent=12961"}],"wp:term":[{"taxonomy":"category","embeddable":true,"href":"https:\/\/www.locoxelrojo.com\/independiente\/wp-json\/wp\/v2\/categories?post=12961"},{"taxonomy":"post_tag","embeddable":true,"href":"https:\/\/www.locoxelrojo.com\/independiente\/wp-json\/wp\/v2\/tags?post=12961"}],"curies":[{"name":"wp","href":"https:\/\/api.w.org\/{rel}","templated":true}]}}