{"id":130,"date":"2010-08-18T03:45:01","date_gmt":"2010-08-18T03:45:01","guid":{"rendered":"http:\/\/www.locoxelrojo.com.ar\/independiente\/?p=130"},"modified":"2010-11-06T04:35:53","modified_gmt":"2010-11-06T06:35:53","slug":"resumen-de-la-semana","status":"publish","type":"post","link":"https:\/\/www.locoxelrojo.com\/independiente\/2010\/08\/18\/resumen-de-la-semana\/","title":{"rendered":"Resumen de la semana"},"content":{"rendered":"<p><a href=\"http:\/\/www.locoxelrojo.com.ar\/independiente\/wp-content\/uploads\/2010\/08\/dt.jpg\"><img loading=\"lazy\" class=\"alignnone size-full wp-image-131\" title=\"dt\" src=\"http:\/\/www.locoxelrojo.com.ar\/independiente\/wp-content\/uploads\/2010\/08\/dt.jpg\" alt=\"\" width=\"550\" height=\"315\" srcset=\"https:\/\/locoxelrojo.com\/independiente\/wp-content\/uploads\/2010\/08\/dt.jpg 550w, https:\/\/locoxelrojo.com\/independiente\/wp-content\/uploads\/2010\/08\/dt-300x171.jpg 300w\" sizes=\"(max-width: 550px) 100vw, 550px\" \/><\/a><\/p>\n<p>La semana de Independiente comenz\u00f3 el martes con trabajos  regenerativos. En la pr\u00e1ctica del mi\u00e9rcoles, Garnero hizo poco m\u00e1s de  media hora de f\u00fatbol y par\u00f3 un 4-3-1-2 con Batti\u00f3n como \u00fanico 5, Graci\u00e1n  de enlace, Fredes por derecha, Mancuello por izquierda, Pacheco de  media punta y Silvera de \u00fanico delantero. Sin embargo, en los \u00faltimos 5  minutos Fredes sali\u00f3 por una sobrecarga muscular en su pierna izquierda y  en su lugar ingres\u00f3 Pellerano. As\u00ed, el esquema que pudo verse fue un  4-2-2-2 en donde se arm\u00f3 una linda sociedad entre Mancuello, Pacheco y  Silvera por el sector izquierdo.<\/p>\n<p>El d\u00eda martes, luego del regenerativo, Garnero declar\u00f3: &#8220;siempre que  venga alguien a sumarse al plantel ser\u00eda muy bueno&#8221;. Sin embargo, esto  no ocurri\u00f3 porque el \u00faltimo viernes cerr\u00f3 el libro de pases.<\/p>\n<p>Respecto al rendimiento futbol\u00edstico, Garnero aclar\u00f3 &#8220;que  Independiente tiene que corregir varios aspectos y generar mucho m\u00e1s  juego&#8221;. En cuanto al bajo rendimiento de los refuerzos, el t\u00e9cnico  explic\u00f3 que &#8220;la camiseta de Independiente no es sencilla y vamos a  ayudar a la gente de afuera para que se adapte y que al que le toque  entrar rinda al m\u00e1ximo.&#8221;<\/p>\n<p>El mi\u00e9rcoles el encargado de atender a la prensa fue Leandro Graci\u00e1n.  Luego de recuperar la titularidad y tras observar los cambios de Fredes  por Cabrera y Graci\u00e1n por Pellerano, el enlace explic\u00f3 que &#8220;explotar  las caracter\u00edsticas individuales de cada jugador da jerarqu\u00eda y volumen  de juego y que a pesar de que uno quiere ganar r\u00e1pido hay que seguir  trabajando&#8221;.<\/p>\n<p>El tano, reproch\u00f3 las cr\u00edticas cuando Independiente pierde &#8220;En varios  medios se castiga bastante al club y eso quiere decir que las  exigencias son grandes. La gente est\u00e1 ilusionada y nosotros tambi\u00e9n.&#8221;<\/p>\n<p>Roberto Batti\u00f3n, por su parte manifestaba que en el f\u00fatbol &#8220;lo m\u00e1s  importante es ganar y despu\u00e9s hay que ver el c\u00f3mo.&#8221; Galeano, en cambio,  habl\u00f3 de &#8220;orden, calma y tranquilidad&#8221;.<\/p>\n<p>El jueves, Fredes que iba a entrar por Cabrera se entren\u00f3  diferenciado por un problema en su pierna izquierda. En su lugar  practic\u00f3 Pellerano, quien luego fue reemplazado por Graci\u00e1n.<\/p>\n<p>Cabrera le dejaba entonces su lugar a Pellerano y Pellerano luego se  lo dejaba a Graci\u00e1n. La alineaci\u00f3n entonces ya estaba confirmada: dri\u00e1n  Gabbarini; Gabriel Vall\u00e9s, Eduardo Tuzzio, Galeano, Lucas Mareque;  Fredes (si se recupera de la contractura) o Pellerano, Roberto Batti\u00f3n,  Federico Mancuello; Graci\u00e1n; Germ\u00e1n Pacheco y Andr\u00e9s Silvera.<\/p>\n<p>El mi\u00e9rcoles, titulares perd\u00edan 2-1 frente a los suplentes con goles  de Germ\u00e1n Pacheco para los titulares y Parra y Rodriguez para los  suplentes. El jueves, titulares y suplentes empataron 1-1, la \u00fanica  variante respecto del mi\u00e9rcoles fue la mencionada de Pellerano por  Fredes. Los goles los marcaron Graci\u00e1n y Parra en 45 minutos de f\u00fatbol,  un poco m\u00e1s que el mi\u00e9rcoles en donde apenas se sobrepasaron los 30.<\/p>\n<p>Respecto al encuentro, Garnero manifest\u00f3 que cre\u00eda en la ansiedad de  la gente pero no en un clima tenso y por eso &#8220;la obligaci\u00f3n es salir a  buscar el partido jugando de local&#8221;. Distintas fueron las declaraciones  de Adri\u00e1n Gabbarini quien dijo: &#8220;somos un equipo en formaci\u00f3n, no me  gustar\u00eda que ya empiece el murmullo.&#8221;<\/p>\n<p>En otro \u00e1mbito, el d\u00eda viernes, el estadio qued\u00f3 habilitado por el  CoProSeDe y nos enteramos que el pr\u00f3ximo lunes, Carlos Matheu podr\u00eda  jugar sus primeros minutos en la reserva. En cuanto a los futbol\u00edstico,  Independiente trabaj\u00f3 la pelota parada y las puertas fueron abiertas a  la prensa a las 11 horas. Lo mismo ocurri\u00f3 el d\u00eda s\u00e1bado en donde se dio  la lista de concentrados.<\/p>\n","protected":false},"excerpt":{"rendered":"<p>La semana de Independiente comenz\u00f3 el martes con trabajos regenerativos. En la pr\u00e1ctica del mi\u00e9rcoles, Garnero hizo poco m\u00e1s de media hora de f\u00fatbol y par\u00f3 un 4-3-1-2 con Batti\u00f3n como \u00fanico 5, Graci\u00e1n de enlace, Fredes por derecha, Mancuello por izquierda, Pacheco de media punta y Silvera de \u00fanico delantero. Sin embargo, en los [&hellip;]<\/p>\n","protected":false},"author":1,"featured_media":0,"comment_status":"open","ping_status":"open","sticky":false,"template":"","format":"standard","meta":{"_links_to":"","_links_to_target":""},"categories":[3,1],"tags":[30,36,71,38,108,41,31],"_links":{"self":[{"href":"https:\/\/www.locoxelrojo.com\/independiente\/wp-json\/wp\/v2\/posts\/130"}],"collection":[{"href":"https:\/\/www.locoxelrojo.com\/independiente\/wp-json\/wp\/v2\/posts"}],"about":[{"href":"https:\/\/www.locoxelrojo.com\/independiente\/wp-json\/wp\/v2\/types\/post"}],"author":[{"embeddable":true,"href":"https:\/\/www.locoxelrojo.com\/independiente\/wp-json\/wp\/v2\/users\/1"}],"replies":[{"embeddable":true,"href":"https:\/\/www.locoxelrojo.com\/independiente\/wp-json\/wp\/v2\/comments?post=130"}],"version-history":[{"count":0,"href":"https:\/\/www.locoxelrojo.com\/independiente\/wp-json\/wp\/v2\/posts\/130\/revisions"}],"wp:attachment":[{"href":"https:\/\/www.locoxelrojo.com\/independiente\/wp-json\/wp\/v2\/media?parent=130"}],"wp:term":[{"taxonomy":"category","embeddable":true,"href":"https:\/\/www.locoxelrojo.com\/independiente\/wp-json\/wp\/v2\/categories?post=130"},{"taxonomy":"post_tag","embeddable":true,"href":"https:\/\/www.locoxelrojo.com\/independiente\/wp-json\/wp\/v2\/tags?post=130"}],"curies":[{"name":"wp","href":"https:\/\/api.w.org\/{rel}","templated":true}]}}