{"id":13021,"date":"2011-11-25T13:36:13","date_gmt":"2011-11-25T16:36:13","guid":{"rendered":"http:\/\/www.locoxelrojo.com.ar\/independiente\/?p=13021"},"modified":"2011-11-25T13:36:13","modified_gmt":"2011-11-25T16:36:13","slug":"ramon-diaz-queremos-clasificar-a-la-libertadores","status":"publish","type":"post","link":"https:\/\/www.locoxelrojo.com\/independiente\/2011\/11\/25\/ramon-diaz-queremos-clasificar-a-la-libertadores\/","title":{"rendered":"Ram\u00f3n D\u00edaz: &#8220;Queremos clasificar a la Libertadores&#8221;"},"content":{"rendered":"<p><a href=\"http:\/\/www.locoxelrojo.com.ar\/independiente\/wp-content\/uploads\/2011\/11\/ramon_diaz.gif\"><img loading=\"lazy\" class=\"alignnone size-full wp-image-13022\" title=\"ramon_diaz\" src=\"http:\/\/www.locoxelrojo.com.ar\/independiente\/wp-content\/uploads\/2011\/11\/ramon_diaz.gif\" alt=\"\" width=\"590\" height=\"315\" srcset=\"https:\/\/locoxelrojo.com\/independiente\/wp-content\/uploads\/2011\/11\/ramon_diaz.gif 590w, https:\/\/locoxelrojo.com\/independiente\/wp-content\/uploads\/2011\/11\/ramon_diaz-300x160.gif 300w\" sizes=\"(max-width: 590px) 100vw, 590px\" \/><\/a><\/p>\n<p><strong>Ram\u00f3n D\u00edaz <\/strong>dialog\u00f3 con la prensa luego del retorno desde Salta. Tras la pr\u00e1tica, el entrenador pidi\u00f3 que Boca gane con intenciones de acercarse a Godoy Cruz en la tabla clasificatoria para la Copa Libertadores. <strong>&#8220;Queremos clasificar a la Copa Libertadores, tenemos un plantel b\u00e1rbaro y soy consciente qu\u00e9 nos falta para ser el protagonista que queremos&#8221;, <\/strong>expres\u00f3 el DT.<\/p>\n<p>Luego, agreg\u00f3: <strong>&#8220;Nos queda una m\u00ednima chance entrar y vamos a tratar de ganar estos cuatro partidos que nos quedan&#8221;<\/strong>. Desde su punto de vista, <strong>&#8220;el equipo se est\u00e1 recuperando y hay jugadores que est\u00e1n levantando su nivel, estamos tratando de recomponerlo para poder tener \u00e9xito&#8221;.<\/strong><\/p>\n<p>Luego, se refiri\u00f3 a Gabriel Milito. &#8220;El que est\u00e1 jugando hoy no es el mismo que cuando llegamos&#8221;, asegur\u00f3 al marcar la suba en su nivel . Al finalizar, le pidi\u00f3 una mano a Boca para descontarle 3 a Godoy Cruz. &#8220;<strong>Me gustar\u00eda que Boca gane porque tenemos la posibilidad, ganando en Santa Fe, de prendernos en la lucha por entrar a la Libertadores&#8221;.<\/strong><\/p>\n","protected":false},"excerpt":{"rendered":"<p>Ram\u00f3n D\u00edaz dialog\u00f3 con la prensa luego del retorno desde Salta. Tras la pr\u00e1tica, el entrenador pidi\u00f3 que Boca gane con intenciones de acercarse a Godoy Cruz en la tabla clasificatoria para la Copa Libertadores. &#8220;Queremos clasificar a la Copa Libertadores, tenemos un plantel b\u00e1rbaro y soy consciente qu\u00e9 nos falta para ser el protagonista [&hellip;]<\/p>\n","protected":false},"author":1,"featured_media":0,"comment_status":"open","ping_status":"open","sticky":false,"template":"","format":"standard","meta":{"_links_to":"","_links_to_target":""},"categories":[3,1],"tags":[153,223,571,500],"_links":{"self":[{"href":"https:\/\/www.locoxelrojo.com\/independiente\/wp-json\/wp\/v2\/posts\/13021"}],"collection":[{"href":"https:\/\/www.locoxelrojo.com\/independiente\/wp-json\/wp\/v2\/posts"}],"about":[{"href":"https:\/\/www.locoxelrojo.com\/independiente\/wp-json\/wp\/v2\/types\/post"}],"author":[{"embeddable":true,"href":"https:\/\/www.locoxelrojo.com\/independiente\/wp-json\/wp\/v2\/users\/1"}],"replies":[{"embeddable":true,"href":"https:\/\/www.locoxelrojo.com\/independiente\/wp-json\/wp\/v2\/comments?post=13021"}],"version-history":[{"count":0,"href":"https:\/\/www.locoxelrojo.com\/independiente\/wp-json\/wp\/v2\/posts\/13021\/revisions"}],"wp:attachment":[{"href":"https:\/\/www.locoxelrojo.com\/independiente\/wp-json\/wp\/v2\/media?parent=13021"}],"wp:term":[{"taxonomy":"category","embeddable":true,"href":"https:\/\/www.locoxelrojo.com\/independiente\/wp-json\/wp\/v2\/categories?post=13021"},{"taxonomy":"post_tag","embeddable":true,"href":"https:\/\/www.locoxelrojo.com\/independiente\/wp-json\/wp\/v2\/tags?post=13021"}],"curies":[{"name":"wp","href":"https:\/\/api.w.org\/{rel}","templated":true}]}}