{"id":13037,"date":"2011-11-27T23:13:08","date_gmt":"2011-11-28T02:13:08","guid":{"rendered":"http:\/\/www.locoxelrojo.com.ar\/independiente\/?p=13037"},"modified":"2011-11-27T23:13:08","modified_gmt":"2011-11-28T02:13:08","slug":"lascurain-tenemos-equipo-para-resolver-esta-situacion","status":"publish","type":"post","link":"https:\/\/www.locoxelrojo.com\/independiente\/2011\/11\/27\/lascurain-tenemos-equipo-para-resolver-esta-situacion\/","title":{"rendered":"Lascurain: &#8220;Tenemos equipo para resolver esta situaci\u00f3n&#8221;"},"content":{"rendered":"<p><a href=\"http:\/\/www.locoxelrojo.com.ar\/independiente\/wp-content\/uploads\/2011\/11\/cacho_lascurain.gif\"><img loading=\"lazy\" class=\"alignnone size-full wp-image-13038\" title=\"cacho_lascurain\" src=\"http:\/\/www.locoxelrojo.com.ar\/independiente\/wp-content\/uploads\/2011\/11\/cacho_lascurain.gif\" alt=\"\" width=\"590\" height=\"315\" srcset=\"https:\/\/locoxelrojo.com\/independiente\/wp-content\/uploads\/2011\/11\/cacho_lascurain.gif 590w, https:\/\/locoxelrojo.com\/independiente\/wp-content\/uploads\/2011\/11\/cacho_lascurain-300x160.gif 300w\" sizes=\"(max-width: 590px) 100vw, 590px\" \/><\/a><\/p>\n<p><strong>Juan Carlos Lascurain, candidato a vicepresidente segundo por Nueva Generaci\u00f3n Roja, dialog\u00f3 con Independiente de Am\u00e9rica -domingos de 22 a 24 por Radio el Mundo AM 1070-<\/strong> y se refiri\u00f3 a las principales problem\u00e1ticas que deber\u00e1n solventar en caso de asumir a partir del 18 de diciembre.<\/p>\n<p><strong>&#8220;Tenemos un potencial muy importante para poder en el mediano plazo salir de determinadas cuestiones<\/strong>&#8220;, declar\u00f3 el ex presidente de la Uni\u00f3n Industrial Argentina al hacer \u00e9nfasis en la deuda econ\u00f3mica. Lascurain entendi\u00f3 que el club tiene m\u00e1s gente que determinadas ciudades y por eso las cuestiones deben llevarse de a poco y con cautela. <strong>&#8220;Es muy dif\u00edcil comerse un elefante de un bocado, hay que hacerlo de a poco<\/strong>&#8220;, ironiz\u00f3.<\/p>\n<p>Respecto a los motivos por los cuales considera que deben ser votados, ampli\u00f3: <strong>&#8220;Tenemos un equipo no solo para ganar los partidos del domingo sino tambi\u00e9n para resolver esta situaci\u00f3n. El socio va a analizar la gente que dentro de nuestro grupo est\u00e1 acostumbrada a administrar cosas importantes&#8221;<\/strong>. Yendo a los ejemplos concretos, explic\u00f3: <strong>&#8220;la cancha es un orgullo, Julio ya tiene experiencia y Cacho se fue de la intendencia por la puerta grande&#8221;.<\/strong><\/p>\n<p>Por \u00faltimo, puso objetivos para la gesti\u00f3n. <strong>&#8220;La expectativa m\u00e1xima es que desde el punto de vista institucional y futbol\u00edstico se cree una base firme<\/strong>&#8220;, concluy\u00f3.<\/p>\n","protected":false},"excerpt":{"rendered":"<p>Juan Carlos Lascurain, candidato a vicepresidente segundo por Nueva Generaci\u00f3n Roja, dialog\u00f3 con Independiente de Am\u00e9rica -domingos de 22 a 24 por Radio el Mundo AM 1070- y se refiri\u00f3 a las principales problem\u00e1ticas que deber\u00e1n solventar en caso de asumir a partir del 18 de diciembre. &#8220;Tenemos un potencial muy importante para poder en [&hellip;]<\/p>\n","protected":false},"author":1,"featured_media":0,"comment_status":"open","ping_status":"open","sticky":false,"template":"","format":"standard","meta":{"_links_to":"","_links_to_target":""},"categories":[4,1],"tags":[153,1115,771],"_links":{"self":[{"href":"https:\/\/www.locoxelrojo.com\/independiente\/wp-json\/wp\/v2\/posts\/13037"}],"collection":[{"href":"https:\/\/www.locoxelrojo.com\/independiente\/wp-json\/wp\/v2\/posts"}],"about":[{"href":"https:\/\/www.locoxelrojo.com\/independiente\/wp-json\/wp\/v2\/types\/post"}],"author":[{"embeddable":true,"href":"https:\/\/www.locoxelrojo.com\/independiente\/wp-json\/wp\/v2\/users\/1"}],"replies":[{"embeddable":true,"href":"https:\/\/www.locoxelrojo.com\/independiente\/wp-json\/wp\/v2\/comments?post=13037"}],"version-history":[{"count":0,"href":"https:\/\/www.locoxelrojo.com\/independiente\/wp-json\/wp\/v2\/posts\/13037\/revisions"}],"wp:attachment":[{"href":"https:\/\/www.locoxelrojo.com\/independiente\/wp-json\/wp\/v2\/media?parent=13037"}],"wp:term":[{"taxonomy":"category","embeddable":true,"href":"https:\/\/www.locoxelrojo.com\/independiente\/wp-json\/wp\/v2\/categories?post=13037"},{"taxonomy":"post_tag","embeddable":true,"href":"https:\/\/www.locoxelrojo.com\/independiente\/wp-json\/wp\/v2\/tags?post=13037"}],"curies":[{"name":"wp","href":"https:\/\/api.w.org\/{rel}","templated":true}]}}