{"id":13050,"date":"2011-11-28T23:45:58","date_gmt":"2011-11-29T02:45:58","guid":{"rendered":"http:\/\/www.locoxelrojo.com.ar\/independiente\/?p=13050"},"modified":"2011-11-29T01:03:39","modified_gmt":"2011-11-29T04:03:39","slug":"pellerano-merecimos-mas","status":"publish","type":"post","link":"https:\/\/www.locoxelrojo.com\/independiente\/2011\/11\/28\/pellerano-merecimos-mas\/","title":{"rendered":"Pellerano: &#8220;Merecimos m\u00e1s&#8221;"},"content":{"rendered":"<p><a href=\"http:\/\/www.locoxelrojo.com.ar\/independiente\/wp-content\/uploads\/2011\/11\/ramon.gif\"><img loading=\"lazy\" class=\"alignnone size-full wp-image-13051\" title=\"ramon\" src=\"http:\/\/www.locoxelrojo.com.ar\/independiente\/wp-content\/uploads\/2011\/11\/ramon.gif\" alt=\"\" width=\"590\" height=\"315\" srcset=\"https:\/\/locoxelrojo.com\/independiente\/wp-content\/uploads\/2011\/11\/ramon.gif 590w, https:\/\/locoxelrojo.com\/independiente\/wp-content\/uploads\/2011\/11\/ramon-300x160.gif 300w\" sizes=\"(max-width: 590px) 100vw, 590px\" \/><\/a><\/p>\n<p>Luego del empate entre Independiente y Uni\u00f3n, <strong>Cristian Pellerano dialog\u00f3 con la Televisi\u00f3n P\u00fablica<\/strong>. El volante destac\u00f3 que Independiente tuvo las m\u00e1s claras pero lament\u00f3 no haber podido sumar de a tres de cara a la Copa Libertadores. &#8220;<strong>Fue un partido muy dif\u00edcil, la cancha estaba r\u00e1pida y linda para jugar. Nos falt\u00f3 el definir las que tuvimos para poder llevarnos los 3 puntos<\/strong>&#8220;, destac\u00f3 el 5.<\/p>\n<p>Luego, a\u00f1adi\u00f3:<strong> &#8220;a lo largo del partido tuvimos las m\u00e1s claras, merecimos m\u00e1s pero fue un equipo duro que juega bien de local y conoce bien la cancha&#8221;<\/strong>. Consultado sobre las claves para intentar lograr la \u00faltima plaza de cara a la Libertadores, Pellerano explic\u00f3: <strong>&#8220;hay que tratar de conseguir los 3 puntos de local&#8221;.<\/strong><\/p>\n<p>Por \u00faltimo, destac\u00f3 la actitud del equipo que hace 4 partidos que no pierde con 3 empates y 1 victoria.<strong> &#8220;Ten\u00edamos en mente la copa y por eso lo salimos a buscar&#8221;<\/strong>, manifest\u00f3. Sin embargo,<strong> &#8220;no se pudo, se empat\u00f3 y ahora hay que ganar de local para intentar clasificar a la Libertadores&#8221;.<\/strong><\/p>\n","protected":false},"excerpt":{"rendered":"<p>Luego del empate entre Independiente y Uni\u00f3n, Cristian Pellerano dialog\u00f3 con la Televisi\u00f3n P\u00fablica. El volante destac\u00f3 que Independiente tuvo las m\u00e1s claras pero lament\u00f3 no haber podido sumar de a tres de cara a la Copa Libertadores. &#8220;Fue un partido muy dif\u00edcil, la cancha estaba r\u00e1pida y linda para jugar. Nos falt\u00f3 el definir [&hellip;]<\/p>\n","protected":false},"author":1,"featured_media":0,"comment_status":"open","ping_status":"open","sticky":false,"template":"","format":"standard","meta":{"_links_to":"","_links_to_target":""},"categories":[3,1],"tags":[153,974,1155],"_links":{"self":[{"href":"https:\/\/www.locoxelrojo.com\/independiente\/wp-json\/wp\/v2\/posts\/13050"}],"collection":[{"href":"https:\/\/www.locoxelrojo.com\/independiente\/wp-json\/wp\/v2\/posts"}],"about":[{"href":"https:\/\/www.locoxelrojo.com\/independiente\/wp-json\/wp\/v2\/types\/post"}],"author":[{"embeddable":true,"href":"https:\/\/www.locoxelrojo.com\/independiente\/wp-json\/wp\/v2\/users\/1"}],"replies":[{"embeddable":true,"href":"https:\/\/www.locoxelrojo.com\/independiente\/wp-json\/wp\/v2\/comments?post=13050"}],"version-history":[{"count":0,"href":"https:\/\/www.locoxelrojo.com\/independiente\/wp-json\/wp\/v2\/posts\/13050\/revisions"}],"wp:attachment":[{"href":"https:\/\/www.locoxelrojo.com\/independiente\/wp-json\/wp\/v2\/media?parent=13050"}],"wp:term":[{"taxonomy":"category","embeddable":true,"href":"https:\/\/www.locoxelrojo.com\/independiente\/wp-json\/wp\/v2\/categories?post=13050"},{"taxonomy":"post_tag","embeddable":true,"href":"https:\/\/www.locoxelrojo.com\/independiente\/wp-json\/wp\/v2\/tags?post=13050"}],"curies":[{"name":"wp","href":"https:\/\/api.w.org\/{rel}","templated":true}]}}