{"id":13055,"date":"2011-11-28T23:48:55","date_gmt":"2011-11-29T02:48:55","guid":{"rendered":"http:\/\/www.locoxelrojo.com.ar\/independiente\/?p=13055"},"modified":"2011-11-29T01:02:46","modified_gmt":"2011-11-29T04:02:46","slug":"benitez-no-tengo-que-apurarme-al-pedo","status":"publish","type":"post","link":"https:\/\/www.locoxelrojo.com\/independiente\/2011\/11\/28\/benitez-no-tengo-que-apurarme-al-pedo\/","title":{"rendered":"Ben\u00edtez: &#8220;No tengo que apurarme al pedo&#8221;"},"content":{"rendered":"<p><a href=\"http:\/\/www.locoxelrojo.com.ar\/independiente\/wp-content\/uploads\/2011\/11\/martin_benitez.gif\"><img loading=\"lazy\" class=\"alignnone size-full wp-image-13056\" title=\"martin_benitez\" src=\"http:\/\/www.locoxelrojo.com.ar\/independiente\/wp-content\/uploads\/2011\/11\/martin_benitez.gif\" alt=\"\" width=\"590\" height=\"315\" srcset=\"https:\/\/locoxelrojo.com\/independiente\/wp-content\/uploads\/2011\/11\/martin_benitez.gif 590w, https:\/\/locoxelrojo.com\/independiente\/wp-content\/uploads\/2011\/11\/martin_benitez-300x160.gif 300w\" sizes=\"(max-width: 590px) 100vw, 590px\" \/><\/a><\/p>\n<p>Mart\u00edn Ben\u00edtez se mostr\u00f3 sorprendido por la inclusi\u00f3n en el segundo tiempo. <strong>&#8220;Me sent\u00ed muy bien; que quede un cambio y Ram\u00f3n me llame me sorprende por mi edad y por como estaba el partido&#8221;<\/strong>, destac\u00f3 el misionero luego del partido. Adem\u00e1s, le dio las gracias al t\u00e9cnico por darle lugar. <strong>&#8220;Le agradezco la confianza y tambi\u00e9n a los jugadores que me la daban cuando la ped\u00eda&#8221;<\/strong>, asegur\u00f3.<\/p>\n<p>Luego, se refiri\u00f3 a la tranquilidad con la cual se toma la situaci\u00f3n.<strong> &#8220;Es una locura pensar en ser titular porque soy chico, tengo que ir de apoco y todav\u00eda no logr\u00e9 nada. Hay que demostrar en la semana y no apurarme al pedo&#8221;<\/strong>, confes\u00f3. El delantero de 17 a\u00f1os, aclar\u00f3 que Ram\u00f3n le pidi\u00f3 que <strong>&#8220;entre, encare y gane el partido&#8221;.<\/strong><\/p>\n<p>Por \u00faltimo, hizo un an\u00e1lisis del momento que le toca vivir. &#8220;<strong>S\u00ed o s\u00ed necesit\u00e1bamos el resultado,el t\u00e9cnico me dio ganas y confianza. Entr\u00e9 metido y concentrado, desde anoche ven\u00eda pensando en todo lo que pod\u00eda llegar a pasar si jugaba&#8221;<\/strong>, concluy\u00f3.<\/p>\n","protected":false},"excerpt":{"rendered":"<p>Mart\u00edn Ben\u00edtez se mostr\u00f3 sorprendido por la inclusi\u00f3n en el segundo tiempo. &#8220;Me sent\u00ed muy bien; que quede un cambio y Ram\u00f3n me llame me sorprende por mi edad y por como estaba el partido&#8221;, destac\u00f3 el misionero luego del partido. Adem\u00e1s, le dio las gracias al t\u00e9cnico por darle lugar. &#8220;Le agradezco la confianza [&hellip;]<\/p>\n","protected":false},"author":1,"featured_media":0,"comment_status":"open","ping_status":"open","sticky":false,"template":"","format":"standard","meta":{"_links_to":"","_links_to_target":""},"categories":[3,1],"tags":[153,258,974,1155],"_links":{"self":[{"href":"https:\/\/www.locoxelrojo.com\/independiente\/wp-json\/wp\/v2\/posts\/13055"}],"collection":[{"href":"https:\/\/www.locoxelrojo.com\/independiente\/wp-json\/wp\/v2\/posts"}],"about":[{"href":"https:\/\/www.locoxelrojo.com\/independiente\/wp-json\/wp\/v2\/types\/post"}],"author":[{"embeddable":true,"href":"https:\/\/www.locoxelrojo.com\/independiente\/wp-json\/wp\/v2\/users\/1"}],"replies":[{"embeddable":true,"href":"https:\/\/www.locoxelrojo.com\/independiente\/wp-json\/wp\/v2\/comments?post=13055"}],"version-history":[{"count":0,"href":"https:\/\/www.locoxelrojo.com\/independiente\/wp-json\/wp\/v2\/posts\/13055\/revisions"}],"wp:attachment":[{"href":"https:\/\/www.locoxelrojo.com\/independiente\/wp-json\/wp\/v2\/media?parent=13055"}],"wp:term":[{"taxonomy":"category","embeddable":true,"href":"https:\/\/www.locoxelrojo.com\/independiente\/wp-json\/wp\/v2\/categories?post=13055"},{"taxonomy":"post_tag","embeddable":true,"href":"https:\/\/www.locoxelrojo.com\/independiente\/wp-json\/wp\/v2\/tags?post=13055"}],"curies":[{"name":"wp","href":"https:\/\/api.w.org\/{rel}","templated":true}]}}