{"id":13061,"date":"2011-11-29T00:07:00","date_gmt":"2011-11-29T03:07:00","guid":{"rendered":"http:\/\/www.locoxelrojo.com.ar\/independiente\/?p=13061"},"modified":"2011-11-29T00:56:53","modified_gmt":"2011-11-29T03:56:53","slug":"parra-no-se-jugo-un-mal-partido","status":"publish","type":"post","link":"https:\/\/www.locoxelrojo.com\/independiente\/2011\/11\/29\/parra-no-se-jugo-un-mal-partido\/","title":{"rendered":"Parra: &#8220;No se jug\u00f3 un mal partido&#8221;"},"content":{"rendered":"<p><a href=\"http:\/\/www.locoxelrojo.com.ar\/independiente\/wp-content\/uploads\/2011\/11\/facundo_parra1.jpg\"><img loading=\"lazy\" class=\"alignnone size-full wp-image-13062\" title=\"facundo_parra\" src=\"http:\/\/www.locoxelrojo.com.ar\/independiente\/wp-content\/uploads\/2011\/11\/facundo_parra1.jpg\" alt=\"\" width=\"590\" height=\"315\" srcset=\"https:\/\/locoxelrojo.com\/independiente\/wp-content\/uploads\/2011\/11\/facundo_parra1.jpg 590w, https:\/\/locoxelrojo.com\/independiente\/wp-content\/uploads\/2011\/11\/facundo_parra1-300x160.jpg 300w\" sizes=\"(max-width: 590px) 100vw, 590px\" \/><\/a><\/p>\n<p><strong>Facundo Parra <\/strong>dialog\u00f3 con la prensa luego del partido en Santa Fe e hizo \u00e9nfasis en que Independiente estuvo m\u00e1s cerca de ganarlo porque necesitaba los 3 puntos de cara a la Copa Libertadores 2012.<strong> &#8220;No se jug\u00f3 un mal partido, nos encontramos contra un arquero que anduvo bien&#8221;<\/strong>, declar\u00f3.<\/p>\n<p>Luego, agreg\u00f3 que &#8220;<strong>m\u00e1s all\u00e1 de que no tuvimos situaciones claras, alguna que otra hubo y dentro de todo se jug\u00f3 bien&#8221;. <\/strong>Para el ex Chacarita, lo dif\u00edcil fue penetrar el \u00e1rea\u00a0 tatengue. <strong>&#8220;Es un equipo fuerte atr\u00e1s y fue complicado entrarles. Tuvimos chances y podr\u00edamos haber logrado algo m\u00e1s<\/strong>&#8220;, lament\u00f3.<\/p>\n<p>Por \u00faltimo, explic\u00f3 la situaci\u00f3n que Mart\u00edn Ben\u00edtez no pudo definir.<strong> &#8220;Le qued\u00f3 para la zurda y se la tir\u00e9 fuerte para que le pase; de derecha era gol&#8221;<\/strong>, asegur\u00f3. Adem\u00e1s, no dio por perdidas las chances de clasificar a la copa. &#8220;<strong>Godoy Cruz tiene un partido dif\u00edcil y Tigre tambi\u00e9n. Si se da un buen resultado y nos hacemos fuertes de local se puede dar&#8221;<\/strong>, confi\u00f3.<\/p>\n","protected":false},"excerpt":{"rendered":"<p>Facundo Parra dialog\u00f3 con la prensa luego del partido en Santa Fe e hizo \u00e9nfasis en que Independiente estuvo m\u00e1s cerca de ganarlo porque necesitaba los 3 puntos de cara a la Copa Libertadores 2012. &#8220;No se jug\u00f3 un mal partido, nos encontramos contra un arquero que anduvo bien&#8221;, declar\u00f3. Luego, agreg\u00f3 que &#8220;m\u00e1s all\u00e1 [&hellip;]<\/p>\n","protected":false},"author":1,"featured_media":0,"comment_status":"open","ping_status":"open","sticky":false,"template":"","format":"standard","meta":{"_links_to":"","_links_to_target":""},"categories":[3,1],"tags":[153,36,258,974,1155],"_links":{"self":[{"href":"https:\/\/www.locoxelrojo.com\/independiente\/wp-json\/wp\/v2\/posts\/13061"}],"collection":[{"href":"https:\/\/www.locoxelrojo.com\/independiente\/wp-json\/wp\/v2\/posts"}],"about":[{"href":"https:\/\/www.locoxelrojo.com\/independiente\/wp-json\/wp\/v2\/types\/post"}],"author":[{"embeddable":true,"href":"https:\/\/www.locoxelrojo.com\/independiente\/wp-json\/wp\/v2\/users\/1"}],"replies":[{"embeddable":true,"href":"https:\/\/www.locoxelrojo.com\/independiente\/wp-json\/wp\/v2\/comments?post=13061"}],"version-history":[{"count":0,"href":"https:\/\/www.locoxelrojo.com\/independiente\/wp-json\/wp\/v2\/posts\/13061\/revisions"}],"wp:attachment":[{"href":"https:\/\/www.locoxelrojo.com\/independiente\/wp-json\/wp\/v2\/media?parent=13061"}],"wp:term":[{"taxonomy":"category","embeddable":true,"href":"https:\/\/www.locoxelrojo.com\/independiente\/wp-json\/wp\/v2\/categories?post=13061"},{"taxonomy":"post_tag","embeddable":true,"href":"https:\/\/www.locoxelrojo.com\/independiente\/wp-json\/wp\/v2\/tags?post=13061"}],"curies":[{"name":"wp","href":"https:\/\/api.w.org\/{rel}","templated":true}]}}