{"id":13159,"date":"2011-12-02T13:19:05","date_gmt":"2011-12-02T16:19:05","guid":{"rendered":"http:\/\/www.locoxelrojo.com.ar\/independiente\/?p=13159"},"modified":"2011-12-02T13:19:05","modified_gmt":"2011-12-02T16:19:05","slug":"adentro-benitez","status":"publish","type":"post","link":"https:\/\/www.locoxelrojo.com\/independiente\/2011\/12\/02\/adentro-benitez\/","title":{"rendered":"Adentro Ben\u00edtez"},"content":{"rendered":"<p><a href=\"http:\/\/www.locoxelrojo.com.ar\/independiente\/wp-content\/uploads\/2011\/12\/mbenitez.jpg\"><img loading=\"lazy\" class=\"alignnone size-full wp-image-13160\" title=\"mbenitez\" src=\"http:\/\/www.locoxelrojo.com.ar\/independiente\/wp-content\/uploads\/2011\/12\/mbenitez.jpg\" alt=\"\" width=\"590\" height=\"315\" srcset=\"https:\/\/locoxelrojo.com\/independiente\/wp-content\/uploads\/2011\/12\/mbenitez.jpg 590w, https:\/\/locoxelrojo.com\/independiente\/wp-content\/uploads\/2011\/12\/mbenitez-300x160.jpg 300w\" sizes=\"(max-width: 590px) 100vw, 590px\" \/><\/a><\/p>\n<p>En Villa Dom\u00ednico Independiente realiz\u00f3 un nuevo entrenamiento de cara al partido frente a Newell\u00b4s. Hoy Ram\u00f3n D\u00edaz decidi\u00f3 una pr\u00e1ctica de f\u00fatbol en donde el entrenador defini\u00f3 los once con los que va a jugar el partido frente a los rosarinos.<\/p>\n<p>Luego de una entrada en calor, el DT par\u00f3 a: <strong>Fabi\u00e1n Assmann; Gabirel Vall\u00e9s, Juli\u00e1n Vel\u00e1zquez, Gabriel Milito, Maximiliano Vel\u00e1zquez; Fernando Godoy, Cristian Pellerano; Mat\u00edas Defederico, Iv\u00e1n P\u00e9rez; Mart\u00edn Ben\u00edtez y Facundo Parra.<\/strong><\/p>\n<p>Ram\u00f3n sorprendi\u00f3 a todos y decidi\u00f3 incluir a su pollo Ben\u00edtez dentro de los titulares en lugar de Leonel N\u00fa\u00f1ez. Otro que regresa al equipo es Gabirel Vall\u00e9s, quien tendr\u00e1 la chance nuevamente de jugar en lugar de Eduardo Tuzzio que esta suspendido.<\/p>\n<p>Para los suplentes jugaron: <strong>Hilario Navarro; Iv\u00e1n V\u00e9lez, Leonel Galeano, Adri\u00e1n Argach\u00e1, Osmar Ferreyra; Nicola\u00e1s Cabrera, Hern\u00e1n Fredes, Nicol\u00e1s Delmonte, Patricio Rodr\u00edguez; Leonel N\u00fa\u00f1ez y Brian Nieva.<\/strong><\/p>\n<p><strong>El partido finaliz\u00f3 con triunfo de los titulares por 2 a 0. Los goles los convirtieron Mart\u00edn Ben\u00edtez y Facundo Parra.<\/strong><\/p>\n<p>Ma\u00f1ana nueva pr\u00e1ctica a puertas cerradas y el plantel quedar\u00e1 concentrado de cara al partido frente a Newell\u00b4s el domingo a las 17 hs en el Libertadores de Am\u00e9rica, con el arbitraje de Diego Abal.<\/p>\n","protected":false},"excerpt":{"rendered":"<p>En Villa Dom\u00ednico Independiente realiz\u00f3 un nuevo entrenamiento de cara al partido frente a Newell\u00b4s. Hoy Ram\u00f3n D\u00edaz decidi\u00f3 una pr\u00e1ctica de f\u00fatbol en donde el entrenador defini\u00f3 los once con los que va a jugar el partido frente a los rosarinos. Luego de una entrada en calor, el DT par\u00f3 a: Fabi\u00e1n Assmann; Gabirel [&hellip;]<\/p>\n","protected":false},"author":1,"featured_media":0,"comment_status":"open","ping_status":"open","sticky":false,"template":"","format":"standard","meta":{"_links_to":"","_links_to_target":""},"categories":[3,1],"tags":[153,36,42,40,258,183,500],"_links":{"self":[{"href":"https:\/\/www.locoxelrojo.com\/independiente\/wp-json\/wp\/v2\/posts\/13159"}],"collection":[{"href":"https:\/\/www.locoxelrojo.com\/independiente\/wp-json\/wp\/v2\/posts"}],"about":[{"href":"https:\/\/www.locoxelrojo.com\/independiente\/wp-json\/wp\/v2\/types\/post"}],"author":[{"embeddable":true,"href":"https:\/\/www.locoxelrojo.com\/independiente\/wp-json\/wp\/v2\/users\/1"}],"replies":[{"embeddable":true,"href":"https:\/\/www.locoxelrojo.com\/independiente\/wp-json\/wp\/v2\/comments?post=13159"}],"version-history":[{"count":0,"href":"https:\/\/www.locoxelrojo.com\/independiente\/wp-json\/wp\/v2\/posts\/13159\/revisions"}],"wp:attachment":[{"href":"https:\/\/www.locoxelrojo.com\/independiente\/wp-json\/wp\/v2\/media?parent=13159"}],"wp:term":[{"taxonomy":"category","embeddable":true,"href":"https:\/\/www.locoxelrojo.com\/independiente\/wp-json\/wp\/v2\/categories?post=13159"},{"taxonomy":"post_tag","embeddable":true,"href":"https:\/\/www.locoxelrojo.com\/independiente\/wp-json\/wp\/v2\/tags?post=13159"}],"curies":[{"name":"wp","href":"https:\/\/api.w.org\/{rel}","templated":true}]}}