{"id":13163,"date":"2011-12-02T14:34:10","date_gmt":"2011-12-02T16:34:10","guid":{"rendered":"http:\/\/www.locoxelrojo.com.ar\/independiente\/?p=13163"},"modified":"2015-09-21T22:29:01","modified_gmt":"2015-09-22T01:29:01","slug":"pato-rodriguez-vuelve-a-estar-entre-los-concentrados","status":"publish","type":"post","link":"https:\/\/www.locoxelrojo.com\/independiente\/2011\/12\/02\/pato-rodriguez-vuelve-a-estar-entre-los-concentrados\/","title":{"rendered":"Concentrados vs. Newell&#8217;s: vuelve Patricio Rodr\u00edguez"},"content":{"rendered":"<p><a href=\"http:\/\/www.locoxelrojo.com.ar\/independiente\/wp-content\/uploads\/2011\/12\/patovuelve.jpg\"><img loading=\"lazy\" class=\"alignnone size-full wp-image-13164\" title=\"patovuelve\" src=\"http:\/\/www.locoxelrojo.com.ar\/independiente\/wp-content\/uploads\/2011\/12\/patovuelve.jpg\" alt=\"\" width=\"590\" height=\"315\" srcset=\"https:\/\/locoxelrojo.com\/independiente\/wp-content\/uploads\/2011\/12\/patovuelve.jpg 590w, https:\/\/locoxelrojo.com\/independiente\/wp-content\/uploads\/2011\/12\/patovuelve-300x160.jpg 300w\" sizes=\"(max-width: 590px) 100vw, 590px\" \/><\/a><\/p>\n<p>Al t\u00e9rmino de la pr\u00e1ctica, Ram\u00f3n D\u00edaz entreg\u00f3 la lista de concentrados para el partido frente a Newell`s Old Boys. No hay muchas sorpresas, la novedad pasa por la inclusi\u00f3n de Patricio Rodr\u00edguez quien seguramente estar\u00e1 sentado en el banco de suplentes. Lucas Villafa\u00f1ez tambi\u00e9n se meti\u00f3 entre los 20 que el Pelado decidi\u00f3 guardar.<\/p>\n<p>Gabriel Milito, quien estaba en duda, finalmente ser\u00e1 titular. Gabriel Vall\u00e9s, tambi\u00e9n estar\u00e1 dentro de los 11 en lugar de Eduardo Tuzzio suspendido.<\/p>\n<p><strong>Lista de concentrados:<\/strong><\/p>\n<p><strong>Arqueros:<\/strong> Fabi\u00e1n Assmann, Hilario Navarro.<\/p>\n<p><strong>Defensores:<\/strong> Gabriel Vall\u00e9s, Juli\u00e1n Vel\u00e1zquez, Leonel Galeano, Gabriel Milito y Maximiliano Vel\u00e1zquez.<\/p>\n<p><strong>Volantes:<\/strong> Osmar Ferreyra, Fernando Godoy, Cristian Pellerano, Nicol\u00e1s Delmonte, Hern\u00e1n Fredes, Iv\u00e1n P\u00e9rez, Lucas Villafa\u00f1ez, Mat\u00edas Defederico y Patricio Rodr\u00edguez.<\/p>\n<p><strong>Delanteros:<\/strong> Facundo Parra, Mart\u00edn Ben\u00edtez, Leonel N\u00fa\u00f1ez y Brian Nieva.<\/p>\n","protected":false},"excerpt":{"rendered":"<p>Al t\u00e9rmino de la pr\u00e1ctica, Ram\u00f3n D\u00edaz entreg\u00f3 la lista de concentrados para el partido frente a Newell`s Old Boys. No hay muchas sorpresas, la novedad pasa por la inclusi\u00f3n de Patricio Rodr\u00edguez quien seguramente estar\u00e1 sentado en el banco de suplentes. Lucas Villafa\u00f1ez tambi\u00e9n se meti\u00f3 entre los 20 que el Pelado decidi\u00f3 guardar. [&hellip;]<\/p>\n","protected":false},"author":1,"featured_media":0,"comment_status":"open","ping_status":"open","sticky":false,"template":"","format":"standard","meta":{"_links_to":"","_links_to_target":""},"categories":[3,1],"tags":[972,153,2828],"_links":{"self":[{"href":"https:\/\/www.locoxelrojo.com\/independiente\/wp-json\/wp\/v2\/posts\/13163"}],"collection":[{"href":"https:\/\/www.locoxelrojo.com\/independiente\/wp-json\/wp\/v2\/posts"}],"about":[{"href":"https:\/\/www.locoxelrojo.com\/independiente\/wp-json\/wp\/v2\/types\/post"}],"author":[{"embeddable":true,"href":"https:\/\/www.locoxelrojo.com\/independiente\/wp-json\/wp\/v2\/users\/1"}],"replies":[{"embeddable":true,"href":"https:\/\/www.locoxelrojo.com\/independiente\/wp-json\/wp\/v2\/comments?post=13163"}],"version-history":[{"count":0,"href":"https:\/\/www.locoxelrojo.com\/independiente\/wp-json\/wp\/v2\/posts\/13163\/revisions"}],"wp:attachment":[{"href":"https:\/\/www.locoxelrojo.com\/independiente\/wp-json\/wp\/v2\/media?parent=13163"}],"wp:term":[{"taxonomy":"category","embeddable":true,"href":"https:\/\/www.locoxelrojo.com\/independiente\/wp-json\/wp\/v2\/categories?post=13163"},{"taxonomy":"post_tag","embeddable":true,"href":"https:\/\/www.locoxelrojo.com\/independiente\/wp-json\/wp\/v2\/tags?post=13163"}],"curies":[{"name":"wp","href":"https:\/\/api.w.org\/{rel}","templated":true}]}}