{"id":13168,"date":"2011-12-02T15:16:42","date_gmt":"2011-12-02T18:16:42","guid":{"rendered":"http:\/\/www.locoxelrojo.com.ar\/independiente\/?p=13168"},"modified":"2015-09-21T22:32:04","modified_gmt":"2015-09-22T01:32:04","slug":"no-va-mas-comunicado-de-prensa-de-julio-comparada","status":"publish","type":"post","link":"https:\/\/www.locoxelrojo.com\/independiente\/2011\/12\/02\/no-va-mas-comunicado-de-prensa-de-julio-comparada\/","title":{"rendered":"Comunicado de Prensa de Julio Comparada"},"content":{"rendered":"<p><a href=\"http:\/\/www.locoxelrojo.com.ar\/independiente\/wp-content\/uploads\/2011\/12\/comparada-novamas.jpg\"><img loading=\"lazy\" class=\"alignnone size-full wp-image-13170\" title=\"comparada-novamas\" src=\"http:\/\/www.locoxelrojo.com.ar\/independiente\/wp-content\/uploads\/2011\/12\/comparada-novamas.jpg\" alt=\"\" width=\"590\" height=\"315\" srcset=\"https:\/\/locoxelrojo.com\/independiente\/wp-content\/uploads\/2011\/12\/comparada-novamas.jpg 590w, https:\/\/locoxelrojo.com\/independiente\/wp-content\/uploads\/2011\/12\/comparada-novamas-300x160.jpg 300w\" sizes=\"(max-width: 590px) 100vw, 590px\" \/><\/a><\/p>\n<p><strong>El actual Presidente de Independiente Julio Comparada renunci\u00f3 a su candidatura como Vicepresidente Primero por la agrupaci\u00f3n Nueva Generaci\u00f3n Roja de cara a las pr\u00f3ximas elecciones el 18 de diciembre.<\/strong><\/p>\n<p>Lo que anoche era un fuerte rumor, en la ma\u00f1ana de hoy se confirm\u00f3 tras una reuni\u00f3n muy temprano en la casa de Sergio Pardo en el barrio de Bernal, all Sur de la\u00a0 Provincia de Buenos Aires. <strong>En medio de muchas idas y vueltas, finalmente Julio Comparada renunci\u00f3 (o lo hicieron renunciar) a la candidatura y su lugar, seg\u00fan pudo averiguar LocoXelRojo lo ocupar\u00eda Javier Mazza. Aunque muchos indican que el propio Sergio Pardo tambi\u00e9n podr\u00eda ser su reemplazante.<\/strong><\/p>\n<p>El trinomio oficialista por Nueva Generaci\u00f3n Roja ser\u00eda con <strong>Baldomero &#8220;Cacho&#8221; \u00c1lvarez de Olivera como Presidente, Javier Mazza como Vicepresidente 1\u00ba y Juan Carlos Lascurain como Vicepresidente 2\u00ba.<\/strong><\/p>\n<p><strong>Horas m\u00e1s tarde, el propio Julio Comparada dio las razones de su alejamiento con un Comunicado de Prensa:<\/strong><\/p>\n<blockquote><p>En el d\u00eda de la fecha, y habiendo realizado un extenso an\u00e1lisis con mis compa\u00f1eros de agrupaci\u00f3n (Nueva Generaci\u00f3n Roja) he tomado la decisi\u00f3n de renunciar a la candaditura como vicepresidente primero, medida tambi\u00e9n que fue consensuada con el actual candidato a presidente Baldomero Alvarez de Olivera.<\/p>\n<p>Los motivos que llevan a desistir de tan alta distinci\u00f3n est\u00e1n fundamentados, y tienen en el desgaste de tantos a\u00f1os de gesti\u00f3n y en el duro traj\u00edn de la campa\u00f1a, los argumentos principales de mi alejamiento. Sin embargo, seguir\u00e9 colaborando desde mi lugar como socio y actual presidente para que la f\u00f3rmula del oficialismo obtenga nuevamente la presidencia del club, pues entiendo, es lo mejor que puede pasarle a Independiente.<\/p>\n<p>Atr\u00e1s queda la satisfacci\u00f3n del deber cumplido tras seis a\u00f1os de gesti\u00f3n, donde la obra del estadio Libertadores de Am\u00e9rica marcar\u00e1 un antes y un despu\u00e9s en la vida de nuestro querido club. Hoy Independiente est\u00e1 nuevamente de pie, en una situaci\u00f3n muy diferente a cuando tomamos la presidencia all\u00ed por abril de 2005. Hicimos muchas cosas que hoy el socio reconoce, tambi\u00e9n cometimos muchos errores. Quedan muchas cosas por hacer, como la finalizaci\u00f3n de la obra del Estadio, pero el socio de Independiente debe estar muy tranquilo porque la nueva gesti\u00f3n que pr\u00f3ximamente encabezar\u00e1 Alvarez de Olivera pondr\u00e1 fin a lo que ser\u00e1 el hecho m\u00e1s destacado de los \u00faltimos 50 a\u00f1os en la vida de Independiente.<\/p>\n<p>Por \u00faltimo, quiero agradecer infinitamente a todos los socios de Independiente por su voto de confianza en las dos \u00faltimas elecciones, como as\u00ed tambi\u00e9n a todas las agrupaciones que acompa\u00f1aron estos a\u00f1os de gesti\u00f3n con tanta pasi\u00f3n.<\/p>\n<p>Julio Comparada<br \/>\n2 de diciembre de 2011<\/p><\/blockquote>\n","protected":false},"excerpt":{"rendered":"<p>El actual Presidente de Independiente Julio Comparada renunci\u00f3 a su candidatura como Vicepresidente Primero por la agrupaci\u00f3n Nueva Generaci\u00f3n Roja de cara a las pr\u00f3ximas elecciones el 18 de diciembre. Lo que anoche era un fuerte rumor, en la ma\u00f1ana de hoy se confirm\u00f3 tras una reuni\u00f3n muy temprano en la casa de Sergio Pardo [&hellip;]<\/p>\n","protected":false},"author":1,"featured_media":0,"comment_status":"open","ping_status":"open","sticky":false,"template":"","format":"standard","meta":{"_links_to":"","_links_to_target":""},"categories":[3,1],"tags":[1116,1117,153,722,1148,1115,33,771,1160],"_links":{"self":[{"href":"https:\/\/www.locoxelrojo.com\/independiente\/wp-json\/wp\/v2\/posts\/13168"}],"collection":[{"href":"https:\/\/www.locoxelrojo.com\/independiente\/wp-json\/wp\/v2\/posts"}],"about":[{"href":"https:\/\/www.locoxelrojo.com\/independiente\/wp-json\/wp\/v2\/types\/post"}],"author":[{"embeddable":true,"href":"https:\/\/www.locoxelrojo.com\/independiente\/wp-json\/wp\/v2\/users\/1"}],"replies":[{"embeddable":true,"href":"https:\/\/www.locoxelrojo.com\/independiente\/wp-json\/wp\/v2\/comments?post=13168"}],"version-history":[{"count":0,"href":"https:\/\/www.locoxelrojo.com\/independiente\/wp-json\/wp\/v2\/posts\/13168\/revisions"}],"wp:attachment":[{"href":"https:\/\/www.locoxelrojo.com\/independiente\/wp-json\/wp\/v2\/media?parent=13168"}],"wp:term":[{"taxonomy":"category","embeddable":true,"href":"https:\/\/www.locoxelrojo.com\/independiente\/wp-json\/wp\/v2\/categories?post=13168"},{"taxonomy":"post_tag","embeddable":true,"href":"https:\/\/www.locoxelrojo.com\/independiente\/wp-json\/wp\/v2\/tags?post=13168"}],"curies":[{"name":"wp","href":"https:\/\/api.w.org\/{rel}","templated":true}]}}