{"id":13241,"date":"2011-12-06T02:42:08","date_gmt":"2011-12-06T05:42:08","guid":{"rendered":"http:\/\/www.locoxelrojo.com.ar\/independiente\/?p=13241"},"modified":"2011-12-06T02:42:08","modified_gmt":"2011-12-06T05:42:08","slug":"barrueco-no-tuve-nada-que-ver-en-la-decision-de-comparada-fue-personal","status":"publish","type":"post","link":"https:\/\/www.locoxelrojo.com\/independiente\/2011\/12\/06\/barrueco-no-tuve-nada-que-ver-en-la-decision-de-comparada-fue-personal\/","title":{"rendered":"Barrueco: &#8220;No tuve nada que ver en la decisi\u00f3n de Comparada, fue personal&#8221;"},"content":{"rendered":"<p><a href=\"http:\/\/www.locoxelrojo.com.ar\/independiente\/wp-content\/uploads\/2011\/12\/barrueco_lxr.jpg\"><img loading=\"lazy\" class=\"alignnone size-full wp-image-13242\" title=\"barrueco_lxr\" src=\"http:\/\/www.locoxelrojo.com.ar\/independiente\/wp-content\/uploads\/2011\/12\/barrueco_lxr.jpg\" alt=\"\" width=\"590\" height=\"315\" srcset=\"https:\/\/locoxelrojo.com\/independiente\/wp-content\/uploads\/2011\/12\/barrueco_lxr.jpg 590w, https:\/\/locoxelrojo.com\/independiente\/wp-content\/uploads\/2011\/12\/barrueco_lxr-300x160.jpg 300w\" sizes=\"(max-width: 590px) 100vw, 590px\" \/><\/a><\/p>\n<p>Hugo Barrueco habl\u00f3 en <strong>LocoXelRojo Radio<\/strong> en medio de la Campa\u00f1a de Nueva Generaci\u00f3n Roja. El actual Vicepresidente y candidato a Vocal 2\u00ba por el oficialismo se defendi\u00f3 de los rumores en que lo acusaban de ser quien habr\u00eda inducido a la renuncia de Julio Comparada. Tambi\u00e9n destac\u00f3 las cosas positivas y negativas de la gesti\u00f3n actual, y aclar\u00f3 el panorama sobre donde va a realizar la pr\u00f3xima pretemporada el Plantel Profesional.<\/p>\n<p><strong>&#8220;Estoy convencido que lo mejor que le puede pasar al club es que gane \u00c1lvarez&#8221;<\/strong>, declar\u00f3 Barrueco, quien finalmente ir\u00e1 como Vocal 2\u00ba en las elecciones del 18 por la agrupaci\u00f3n Nueva Generaci\u00f3n Roja. Al subir Javier Mazza como Vicepresidente 1\u00ba, el lugar de Vocal 1\u00ba estaba disponible y Barrueco era uno de los candidatos a ocuparlos, pero finalmente fue Gerardo Milman quien ocup\u00f3 ese cargo.<\/p>\n<p>Al ser consultado por las cosas positivas que tuvo esta gesti\u00f3n que est\u00e1 a punto de finalizar, el actual Vicepresidente 2\u00ba destac\u00f3 la importancia de la obtenci\u00f3n de los terrenos de Villa Dom\u00ednico: <strong>&#8220;de esta gesti\u00f3n, destaco que ahora el club tenga la posesi\u00f3n del Predio de Dom\u00ednico, gracias a la ayuda de Cacho \u00c1lvarez y Moyano&#8221;<\/strong>. Adem\u00e1s elogi\u00f3 el Complejo de Tenis ubicado en la calle Alsina, a metros del Libertadores de Am\u00e9rica, y resalt\u00f3 que <strong>&#8220;la obra en el estadio es muy importante, se contruy\u00f3 con fondos propios, en un pa\u00eds en donde en todas las obras que se hicieron en los estadios intevino el Estado&#8221;<\/strong>.<\/p>\n<p>En cuanto a lo negativo, fue muy cr\u00edtico con el proyecto futbol\u00edstico: <strong>&#8220;es de p\u00fablico conocimiento que nos equivocamos con el tema de las contrataciones deportivas&#8221;<\/strong>. Igualmente dijo que <strong>&#8220;si hubi\u00e9ramos ganado alguna de las 2 copas que jugamos este a\u00f1o, las cosas ser\u00edan distintas&#8221;<\/strong>. Cont\u00f3 que el proyecto del f\u00fatbol que tiene en mente Cacho es muy importante y es en donde m\u00e1s atenci\u00f3n van a prestar. <strong>&#8220;La idea es que no se tengan m\u00e1s de 25 jugadores profesionales. Vamos a crear un consejo de f\u00fatbol serio&#8221;<\/strong>, ampli\u00f3.<\/p>\n<p>Cuando se confim\u00f3 la renuncia de Comparada, muchas personas apuntaron a Barrueco como el principal artifice de la jugada. A \u00e9l se lo acus\u00f3 de meter fichas para que la causa del procesamiento de Comparada salga a la luz y as\u00ed poder limar algunas broncas con Baldomero \u00c1lvarez por cuestiones ligadas a la pol\u00edtica municipal. Lo cierto es que seg\u00fan cont\u00f3 Barrueco, <strong>&#8220;la decisi\u00f3n que tom\u00f3 Julio fue personal, nadie lo indujo a tomarla. En un comunicado explic\u00f3 las razones y son de p\u00fablico conocimiento&#8221;<\/strong>. Adem\u00e1s aclar\u00f3: <strong>&#8220;no tuve nada que ver en la decisi\u00f3n de Comparada de bajarse de la candidatura. Es muy f\u00e1cil hablar desde el anonimato porque no hubo ninguna pelea. No tuve nada que ver con eso y hoy por suerte lo pude aclarar con \u00e9l&#8221;<\/strong>.<\/p>\n<p>Por \u00faltimo aclar\u00f3 el panorama sobre donde se va a realizar la pr\u00f3xima pretemporada. Fue descartado el Hotel Provincial en Mar del Plata, ya que sus instalaciones est\u00e1n en una zona muy centrica y eso no es del agrado del cuerpo t\u00e9cnico. Tampoco se puede realizar en Necochea, ya que el Hotel que se utilizaba en la era del Tolo Gallego, hoy esta reservado para el club Belgrano de C\u00f3rdoba. <strong>&#8220;Si llegamos a un acuerdo con el t\u00e9cnico, la pretemporada ser\u00eda en Open Door&#8221;<\/strong>, cerr\u00f3.<\/p>\n<p><strong>Audio Completo:<\/strong><\/p>\n<p><object id=\"divplaylist\" classid=\"clsid:d27cdb6e-ae6d-11cf-96b8-444553540000\" width=\"335\" height=\"28\" codebase=\"http:\/\/download.macromedia.com\/pub\/shockwave\/cabs\/flash\/swflash.cab#version=6,0,40,0\"><param name=\"src\" value=\"http:\/\/www.divshare.com\/flash\/playlist?myId=16323205-08b\" \/><param name=\"name\" value=\"divplaylist\" \/><embed id=\"divplaylist\" type=\"application\/x-shockwave-flash\" width=\"335\" height=\"28\" src=\"http:\/\/www.divshare.com\/flash\/playlist?myId=16323205-08b\" name=\"divplaylist\"><\/embed><\/object><\/p>\n","protected":false},"excerpt":{"rendered":"<p>Hugo Barrueco habl\u00f3 en LocoXelRojo Radio en medio de la Campa\u00f1a de Nueva Generaci\u00f3n Roja. El actual Vicepresidente y candidato a Vocal 2\u00ba por el oficialismo se defendi\u00f3 de los rumores en que lo acusaban de ser quien habr\u00eda inducido a la renuncia de Julio Comparada. Tambi\u00e9n destac\u00f3 las cosas positivas y negativas de la [&hellip;]<\/p>\n","protected":false},"author":1,"featured_media":0,"comment_status":"open","ping_status":"open","sticky":false,"template":"","format":"standard","meta":{"_links_to":"","_links_to_target":""},"categories":[4,17,1],"tags":[1116,1117,153,67,33,316,771],"_links":{"self":[{"href":"https:\/\/www.locoxelrojo.com\/independiente\/wp-json\/wp\/v2\/posts\/13241"}],"collection":[{"href":"https:\/\/www.locoxelrojo.com\/independiente\/wp-json\/wp\/v2\/posts"}],"about":[{"href":"https:\/\/www.locoxelrojo.com\/independiente\/wp-json\/wp\/v2\/types\/post"}],"author":[{"embeddable":true,"href":"https:\/\/www.locoxelrojo.com\/independiente\/wp-json\/wp\/v2\/users\/1"}],"replies":[{"embeddable":true,"href":"https:\/\/www.locoxelrojo.com\/independiente\/wp-json\/wp\/v2\/comments?post=13241"}],"version-history":[{"count":0,"href":"https:\/\/www.locoxelrojo.com\/independiente\/wp-json\/wp\/v2\/posts\/13241\/revisions"}],"wp:attachment":[{"href":"https:\/\/www.locoxelrojo.com\/independiente\/wp-json\/wp\/v2\/media?parent=13241"}],"wp:term":[{"taxonomy":"category","embeddable":true,"href":"https:\/\/www.locoxelrojo.com\/independiente\/wp-json\/wp\/v2\/categories?post=13241"},{"taxonomy":"post_tag","embeddable":true,"href":"https:\/\/www.locoxelrojo.com\/independiente\/wp-json\/wp\/v2\/tags?post=13241"}],"curies":[{"name":"wp","href":"https:\/\/api.w.org\/{rel}","templated":true}]}}