{"id":13317,"date":"2011-12-10T04:05:14","date_gmt":"2011-12-10T07:05:14","guid":{"rendered":"http:\/\/www.locoxelrojo.com.ar\/independiente\/?p=13317"},"modified":"2011-12-10T04:34:22","modified_gmt":"2011-12-10T07:34:22","slug":"cabrera-uno-de-los-mas-resistidos-no-sigue-mas","status":"publish","type":"post","link":"https:\/\/www.locoxelrojo.com\/independiente\/2011\/12\/10\/cabrera-uno-de-los-mas-resistidos-no-sigue-mas\/","title":{"rendered":"Cabrera, uno de los m\u00e1s resistidos, no sigue m\u00e1s"},"content":{"rendered":"<p><a href=\"http:\/\/www.locoxelrojo.com.ar\/independiente\/wp-content\/uploads\/2011\/12\/cabrera.jpg\"><img loading=\"lazy\" class=\"alignnone size-full wp-image-13334\" title=\"cabrera\" src=\"http:\/\/www.locoxelrojo.com.ar\/independiente\/wp-content\/uploads\/2011\/12\/cabrera.jpg\" alt=\"\" width=\"590\" height=\"315\" srcset=\"https:\/\/locoxelrojo.com\/independiente\/wp-content\/uploads\/2011\/12\/cabrera.jpg 590w, https:\/\/locoxelrojo.com\/independiente\/wp-content\/uploads\/2011\/12\/cabrera-300x160.jpg 300w\" sizes=\"(max-width: 590px) 100vw, 590px\" \/><\/a><\/p>\n<p><strong>Nicol\u00e1s Cabrera es otro de los jugadores que no ser\u00e1 m\u00e1s tenido en cuenta por Ram\u00f3n D\u00edaz.<\/strong> Lleg\u00f3 en junio del 2010 con un contrato por 3 a\u00f1os. Fue el tercer refuerzo de Daniel Garnero, tras las incorporaciones de Germ\u00e1n Pacheco y Cristian Pellerano, luego de arreglar\u00a0 su desvinculaci\u00f3n con V\u00e9lez y ceder el 40 por ciento del pase.<\/p>\n<p><strong>Cabrera, fue campe\u00f3n de la Copa Sudamericana y durante el Clausura 2011, disput\u00f3 11 partidos y marc\u00f3 2 goles.\u00a0 El volante tuvo 7 presentaciones durante el Apertura 2011 -en 3  fue titular y en 4 ingres\u00f3 desde el banco de los suplentes. En 1 de las  tres veces que fue titular lo reemplazaron durante el segundo tiempo.<\/strong><\/p>\n<p>Contando la Copa Sudamericana 2010, disput\u00f3 15 partidos por copas para el club con un gol. En su  carrera lleva 9 goles en 204 partidos, con un promedio de 0,04.<\/p>\n<p>Oriundo  de La Plata, es categor\u00eda 84 y tiene contrato por una temporada y media  m\u00e1s con Independiente. Su futuro parece que continuar\u00e1 en Gimnasia La Plata  junto a Sergio Vittor. En Independiente, mientras est\u00e9 Ram\u00f3n D\u00edaz no tiene lugar y en el \u00faltimo tiempo fue muy resistido por el hincha, veremos que ser\u00e1 de su vida&#8230;<\/p>\n","protected":false},"excerpt":{"rendered":"<p>Nicol\u00e1s Cabrera es otro de los jugadores que no ser\u00e1 m\u00e1s tenido en cuenta por Ram\u00f3n D\u00edaz. Lleg\u00f3 en junio del 2010 con un contrato por 3 a\u00f1os. Fue el tercer refuerzo de Daniel Garnero, tras las incorporaciones de Germ\u00e1n Pacheco y Cristian Pellerano, luego de arreglar\u00a0 su desvinculaci\u00f3n con V\u00e9lez y ceder el 40 [&hellip;]<\/p>\n","protected":false},"author":1,"featured_media":0,"comment_status":"open","ping_status":"open","sticky":false,"template":"","format":"standard","meta":{"_links_to":"","_links_to_target":""},"categories":[3,1],"tags":[153,108,500],"_links":{"self":[{"href":"https:\/\/www.locoxelrojo.com\/independiente\/wp-json\/wp\/v2\/posts\/13317"}],"collection":[{"href":"https:\/\/www.locoxelrojo.com\/independiente\/wp-json\/wp\/v2\/posts"}],"about":[{"href":"https:\/\/www.locoxelrojo.com\/independiente\/wp-json\/wp\/v2\/types\/post"}],"author":[{"embeddable":true,"href":"https:\/\/www.locoxelrojo.com\/independiente\/wp-json\/wp\/v2\/users\/1"}],"replies":[{"embeddable":true,"href":"https:\/\/www.locoxelrojo.com\/independiente\/wp-json\/wp\/v2\/comments?post=13317"}],"version-history":[{"count":0,"href":"https:\/\/www.locoxelrojo.com\/independiente\/wp-json\/wp\/v2\/posts\/13317\/revisions"}],"wp:attachment":[{"href":"https:\/\/www.locoxelrojo.com\/independiente\/wp-json\/wp\/v2\/media?parent=13317"}],"wp:term":[{"taxonomy":"category","embeddable":true,"href":"https:\/\/www.locoxelrojo.com\/independiente\/wp-json\/wp\/v2\/categories?post=13317"},{"taxonomy":"post_tag","embeddable":true,"href":"https:\/\/www.locoxelrojo.com\/independiente\/wp-json\/wp\/v2\/tags?post=13317"}],"curies":[{"name":"wp","href":"https:\/\/api.w.org\/{rel}","templated":true}]}}