{"id":13323,"date":"2011-12-10T03:31:35","date_gmt":"2011-12-10T06:31:35","guid":{"rendered":"http:\/\/www.locoxelrojo.com.ar\/independiente\/?p=13323"},"modified":"2011-12-10T03:31:35","modified_gmt":"2011-12-10T06:31:35","slug":"ivan-velez-no-jugara-mas-en-independiente","status":"publish","type":"post","link":"https:\/\/www.locoxelrojo.com\/independiente\/2011\/12\/10\/ivan-velez-no-jugara-mas-en-independiente\/","title":{"rendered":"Iv\u00e1n V\u00e9lez no jugar\u00e1 m\u00e1s en Independiente"},"content":{"rendered":"<p><a href=\"http:\/\/www.locoxelrojo.com.ar\/independiente\/wp-content\/uploads\/2011\/12\/velez.jpg\"><img loading=\"lazy\" class=\"alignnone size-full wp-image-13332\" title=\"velez\" src=\"http:\/\/www.locoxelrojo.com.ar\/independiente\/wp-content\/uploads\/2011\/12\/velez.jpg\" alt=\"\" width=\"590\" height=\"315\" srcset=\"https:\/\/locoxelrojo.com\/independiente\/wp-content\/uploads\/2011\/12\/velez.jpg 590w, https:\/\/locoxelrojo.com\/independiente\/wp-content\/uploads\/2011\/12\/velez-300x160.jpg 300w\" sizes=\"(max-width: 590px) 100vw, 590px\" \/><\/a><\/p>\n<p>Iv\u00e1n V\u00e9lez fue el primer refuerzo de la era Mohamed durante el a\u00f1o 2011, ven\u00eda de jugar en Colombia donde disput\u00f3 241 partidos y marc\u00f3 14 goles. Lleg\u00f3 al club tras ser campe\u00f3n con Once Caldas y ser elegido como el mejor jugador del campeonato en su posici\u00f3n, adem\u00e1s formaba parte de la Selecci\u00f3n de Colombia.<\/p>\n<p><strong>En Independiente disput\u00f3 un total de 26 encuentros y no marc\u00f3 goles. Por copa, en tanto, sum\u00f3 6 cotejos: 3 por Libertadores, 1 por Sudamericana, 2 por Recopa y 1 por la Suruga Bank. En el Torneo Apertura no tuvo mucha participaci\u00f3n, apenas disput\u00f3 5 partidos.<\/strong><\/p>\n<p>Es categor\u00eda 84 y con 27 a\u00f1os,\u00a0 y <strong>lleg\u00f3 a pr\u00e9stamo con una opci\u00f3n de compra por el 50% de su pase. Ram\u00f3n D\u00edaz en el d\u00eda de ayer, decidi\u00f3 que no lo va a tener en cuenta para el \u00faltimo partido y tampoco para la temporada que viene, por lo tanto su ciclo en Independiente est\u00e1 terminado.<\/strong> El defensor se despidi\u00f3 de sus jugadores y en las pr\u00f3ximas horas viajar\u00e1 a su pais.<\/p>\n","protected":false},"excerpt":{"rendered":"<p>Iv\u00e1n V\u00e9lez fue el primer refuerzo de la era Mohamed durante el a\u00f1o 2011, ven\u00eda de jugar en Colombia donde disput\u00f3 241 partidos y marc\u00f3 14 goles. Lleg\u00f3 al club tras ser campe\u00f3n con Once Caldas y ser elegido como el mejor jugador del campeonato en su posici\u00f3n, adem\u00e1s formaba parte de la Selecci\u00f3n de [&hellip;]<\/p>\n","protected":false},"author":1,"featured_media":0,"comment_status":"open","ping_status":"open","sticky":false,"template":"","format":"standard","meta":{"_links_to":"","_links_to_target":""},"categories":[3,1],"tags":[153,412,500],"_links":{"self":[{"href":"https:\/\/www.locoxelrojo.com\/independiente\/wp-json\/wp\/v2\/posts\/13323"}],"collection":[{"href":"https:\/\/www.locoxelrojo.com\/independiente\/wp-json\/wp\/v2\/posts"}],"about":[{"href":"https:\/\/www.locoxelrojo.com\/independiente\/wp-json\/wp\/v2\/types\/post"}],"author":[{"embeddable":true,"href":"https:\/\/www.locoxelrojo.com\/independiente\/wp-json\/wp\/v2\/users\/1"}],"replies":[{"embeddable":true,"href":"https:\/\/www.locoxelrojo.com\/independiente\/wp-json\/wp\/v2\/comments?post=13323"}],"version-history":[{"count":0,"href":"https:\/\/www.locoxelrojo.com\/independiente\/wp-json\/wp\/v2\/posts\/13323\/revisions"}],"wp:attachment":[{"href":"https:\/\/www.locoxelrojo.com\/independiente\/wp-json\/wp\/v2\/media?parent=13323"}],"wp:term":[{"taxonomy":"category","embeddable":true,"href":"https:\/\/www.locoxelrojo.com\/independiente\/wp-json\/wp\/v2\/categories?post=13323"},{"taxonomy":"post_tag","embeddable":true,"href":"https:\/\/www.locoxelrojo.com\/independiente\/wp-json\/wp\/v2\/tags?post=13323"}],"curies":[{"name":"wp","href":"https:\/\/api.w.org\/{rel}","templated":true}]}}