{"id":134,"date":"2010-08-18T03:51:24","date_gmt":"2010-08-18T06:51:24","guid":{"rendered":"http:\/\/www.locoxelrojo.com.ar\/independiente\/?p=134"},"modified":"2015-09-08T21:50:15","modified_gmt":"2015-09-09T00:50:15","slug":"concentrados-barcia-se-colo-en-la-lista","status":"publish","type":"post","link":"https:\/\/www.locoxelrojo.com\/independiente\/2010\/08\/18\/concentrados-barcia-se-colo-en-la-lista\/","title":{"rendered":"Concentrados vs. Argentinos: Barcia se col\u00f3 en la lista"},"content":{"rendered":"<p><a href=\"http:\/\/www.locoxelrojo.com.ar\/independiente\/wp-content\/uploads\/2010\/08\/barcia.jpg\"><img loading=\"lazy\" class=\"alignnone size-full wp-image-135\" title=\"barcia\" src=\"http:\/\/www.locoxelrojo.com.ar\/independiente\/wp-content\/uploads\/2010\/08\/barcia.jpg\" alt=\"\" width=\"550\" height=\"315\" srcset=\"https:\/\/locoxelrojo.com\/independiente\/wp-content\/uploads\/2010\/08\/barcia.jpg 550w, https:\/\/locoxelrojo.com\/independiente\/wp-content\/uploads\/2010\/08\/barcia-300x171.jpg 300w\" sizes=\"(max-width: 550px) 100vw, 550px\" \/><\/a><\/p>\n<p>Luego de la pr\u00e1ctica matutina en donde se abrieron las puertas al periodismo a las 11 horas en el predio de Santo Domingo de Villa Dom\u00ednico,\u00a0 Daniel Garnero dio la lista de los 20 jugadores que quedaron concentrados para enfrentar a Argentinos Juniors el pr\u00f3ximo lunes a las 19,10.<\/p>\n<p>Entre los defensores, con la expulsi\u00f3n de Vel\u00e1zquez, <strong>Ignacio Barcia fue subido al primer plantel. <\/strong><\/p>\n<p>Entre los 10 volantes est\u00e1n Fernando Godoy e Iv\u00e1n P\u00e9rez. Probablemente estos no vayan al banco de los suplentes.<\/p>\n<p>Por otro lado, se confirm\u00f3 que antes del partido habr\u00e1 reserva y Lucas Villafa\u00f1ez fue probado por Cayetano Rodriguez entre los 11 titulares que ser\u00edan Diego Rodr\u00edguez; Brian Luna, Sergio Ojeda, Federico Gay, Lucas Kruspzky; Alejandro Mu\u00f1oz, Nicol\u00e1s Del Monte, Mat\u00edas Jaime; Lucas Villafa\u00f1ez; Nicol\u00e1s Mazzola y Sa\u00fal Toloza.<\/p>\n<p><strong>Los 20 concentrados para el plantel profesional son:<\/strong><\/p>\n<p><strong>Arqueros:<\/strong> Hilario Navarro y Adri\u00e1n Gabbarini.<\/p>\n<p><strong>Defensores:<\/strong> Gabriel Vall\u00e9s, Ignacio Barcia, Leonel Galeano, Lucas Mareque y Eduardo Tuzzio.<\/p>\n<p><strong>Volantes:<\/strong> Federico Mancuello, Cristian Pellerano, Nicol\u00e1s Cabrera, Roberto Batti\u00f3n, Hern\u00e1n Fredes, Leandro Graci\u00e1n, Patricio Rodr\u00edguez, Fernando Godoy, Iv\u00e1n P\u00e9rez y Nicol\u00e1s Mart\u00ednez.<\/p>\n<p><strong>Delanteros:<\/strong> Facundo Parra, Germ\u00e1n Pacheco y Andr\u00e9s Silvera.<\/p>\n","protected":false},"excerpt":{"rendered":"<p>Luego de la pr\u00e1ctica matutina en donde se abrieron las puertas al periodismo a las 11 horas en el predio de Santo Domingo de Villa Dom\u00ednico,\u00a0 Daniel Garnero dio la lista de los 20 jugadores que quedaron concentrados para enfrentar a Argentinos Juniors el pr\u00f3ximo lunes a las 19,10. Entre los defensores, con la expulsi\u00f3n [&hellip;]<\/p>\n","protected":false},"author":1,"featured_media":0,"comment_status":"open","ping_status":"open","sticky":false,"template":"","format":"standard","meta":{"_links_to":"","_links_to_target":""},"categories":[3,1],"tags":[325,153,3007,29,122,187],"_links":{"self":[{"href":"https:\/\/www.locoxelrojo.com\/independiente\/wp-json\/wp\/v2\/posts\/134"}],"collection":[{"href":"https:\/\/www.locoxelrojo.com\/independiente\/wp-json\/wp\/v2\/posts"}],"about":[{"href":"https:\/\/www.locoxelrojo.com\/independiente\/wp-json\/wp\/v2\/types\/post"}],"author":[{"embeddable":true,"href":"https:\/\/www.locoxelrojo.com\/independiente\/wp-json\/wp\/v2\/users\/1"}],"replies":[{"embeddable":true,"href":"https:\/\/www.locoxelrojo.com\/independiente\/wp-json\/wp\/v2\/comments?post=134"}],"version-history":[{"count":0,"href":"https:\/\/www.locoxelrojo.com\/independiente\/wp-json\/wp\/v2\/posts\/134\/revisions"}],"wp:attachment":[{"href":"https:\/\/www.locoxelrojo.com\/independiente\/wp-json\/wp\/v2\/media?parent=134"}],"wp:term":[{"taxonomy":"category","embeddable":true,"href":"https:\/\/www.locoxelrojo.com\/independiente\/wp-json\/wp\/v2\/categories?post=134"},{"taxonomy":"post_tag","embeddable":true,"href":"https:\/\/www.locoxelrojo.com\/independiente\/wp-json\/wp\/v2\/tags?post=134"}],"curies":[{"name":"wp","href":"https:\/\/api.w.org\/{rel}","templated":true}]}}