{"id":1341,"date":"2010-09-25T03:48:59","date_gmt":"2010-09-25T06:48:59","guid":{"rendered":"http:\/\/www.locoxelrojo.com.ar\/independiente\/?p=1341"},"modified":"2015-09-09T03:30:30","modified_gmt":"2015-09-09T06:30:30","slug":"fernando-godoy-este-el-cuerpo-tecnico-que-este-vamos-a-dejar-todo","status":"publish","type":"post","link":"https:\/\/www.locoxelrojo.com\/independiente\/2010\/09\/25\/fernando-godoy-este-el-cuerpo-tecnico-que-este-vamos-a-dejar-todo\/","title":{"rendered":"Godoy: &#8220;Est\u00e9 el cuerpo t\u00e9cnico que est\u00e9, vamos a dejar todo&#8221;"},"content":{"rendered":"<p><a href=\"http:\/\/www.locoxelrojo.com.ar\/independiente\/wp-content\/uploads\/2010\/09\/fernandogodoy1.jpg\"><img loading=\"lazy\" class=\"alignnone size-full wp-image-1343\" title=\"fernandogodoy\" src=\"http:\/\/www.locoxelrojo.com.ar\/independiente\/wp-content\/uploads\/2010\/09\/fernandogodoy1.jpg\" alt=\"\" width=\"550\" height=\"315\" srcset=\"https:\/\/locoxelrojo.com\/independiente\/wp-content\/uploads\/2010\/09\/fernandogodoy1.jpg 550w, https:\/\/locoxelrojo.com\/independiente\/wp-content\/uploads\/2010\/09\/fernandogodoy1-300x171.jpg 300w\" sizes=\"(max-width: 550px) 100vw, 550px\" \/><\/a><\/p>\n<p>Fernando Godoy, figura del partido junto a Eduardo Tuzzio y Premio LocoxelRojo al mejor jugador del mes de agosto, dialog\u00f3 en zona mixta con LocoxelRojo Web y dio sus sensaciones del partido.<\/p>\n<p>En cuanto a la dupla t\u00e9cnica, el volante central cont\u00f3 que \u201c<strong>S\u00e1 y Pavoni confiaban en nosotros y nos dijeron que \u00e9ramos los que lo \u00edbamos a sacar adelante.<\/strong>\u201d Es por eso que luego del partido el \u00e1nimo del plantel cambi\u00f3 y para bien. \u201c<strong>Estamos muy bien y muy confiados, la copa es otro campeonato. Hoy estamos muy contentos<\/strong>\u201d, manifest\u00f3 Godoy.<\/p>\n<p>Independiente, volver\u00e1 a las pr\u00e1cticas ma\u00f1ana por la tarde. Al respecto, el 5 dijo: \u201c<strong>este triunfo da aire para trabajar tranquilos a jugadores y cuerpo t\u00e9cnico<\/strong>\u201d. Sobre el balance personal, Fernando Godoy agreg\u00f3: <strong>\u201cyo estaba tranquilo, hab\u00eda hecho las cosas bien, estaba esperando nuevamente el momento. Se me dio y gracias a Dios me fue bien<\/strong>.\u201d<\/p>\n<p>Respecto al primer triunfo en 8 fechas, Godoy aclar\u00f3 que \u201c<strong>est\u00e9 el cuerpo t\u00e9cnico que est\u00e9 vamos a dejar todo<\/strong>\u201d. Y lament\u00f3 la ida de Garnero: \u201c<strong>es una l\u00e1stima que Dany se haya ido<\/strong>\u201d. A pesar de esto y si bien \u201c<strong>no nos fue muy bien, hubo un cambio de aire, pudimos ganar y ahora estamos bien<\/strong>.\u201d, se sincer\u00f3.<\/p>\n<p>En lo que respecta al an\u00e1lisis de partido, para Godoy \u201c<strong>estuvimos bien parados, recuperamos muchas pelotas, tuvimos juego, llegamos al \u00e1rea, tuvimos situaciones de gol, pudimos liquidarlo antes pero no se nos dio.<\/strong>\u201d Es por eso que \u201c<strong>en el final se nos vino Gimnasia y nosotros est\u00e1bamos muy cansados y terminamos sufriendo<\/strong>.\u201d<\/p>\n<p>Independiente enfrentar\u00e1 a Defensor Sporting el martes a las 21, y tras la lesi\u00f3n de Batti\u00f3n \u2013esguince de rodilla y golpe en el hombro-, es probable que Godoy vuelva a meterse entre los 11. \u201c<strong>En lo f\u00edsico estoy muy bien y si el t\u00e9cnico as\u00ed lo decide estoy para jugar desde el arranque en Uruguay<\/strong>\u201d, se entusiasm\u00f3.<\/p>\n","protected":false},"excerpt":{"rendered":"<p>Fernando Godoy, figura del partido junto a Eduardo Tuzzio y Premio LocoxelRojo al mejor jugador del mes de agosto, dialog\u00f3 en zona mixta con LocoxelRojo Web y dio sus sensaciones del partido. En cuanto a la dupla t\u00e9cnica, el volante central cont\u00f3 que \u201cS\u00e1 y Pavoni confiaban en nosotros y nos dijeron que \u00e9ramos los [&hellip;]<\/p>\n","protected":false},"author":1,"featured_media":0,"comment_status":"open","ping_status":"open","sticky":false,"template":"","format":"standard","meta":{"_links_to":"","_links_to_target":""},"categories":[3,1],"tags":[29],"_links":{"self":[{"href":"https:\/\/www.locoxelrojo.com\/independiente\/wp-json\/wp\/v2\/posts\/1341"}],"collection":[{"href":"https:\/\/www.locoxelrojo.com\/independiente\/wp-json\/wp\/v2\/posts"}],"about":[{"href":"https:\/\/www.locoxelrojo.com\/independiente\/wp-json\/wp\/v2\/types\/post"}],"author":[{"embeddable":true,"href":"https:\/\/www.locoxelrojo.com\/independiente\/wp-json\/wp\/v2\/users\/1"}],"replies":[{"embeddable":true,"href":"https:\/\/www.locoxelrojo.com\/independiente\/wp-json\/wp\/v2\/comments?post=1341"}],"version-history":[{"count":0,"href":"https:\/\/www.locoxelrojo.com\/independiente\/wp-json\/wp\/v2\/posts\/1341\/revisions"}],"wp:attachment":[{"href":"https:\/\/www.locoxelrojo.com\/independiente\/wp-json\/wp\/v2\/media?parent=1341"}],"wp:term":[{"taxonomy":"category","embeddable":true,"href":"https:\/\/www.locoxelrojo.com\/independiente\/wp-json\/wp\/v2\/categories?post=1341"},{"taxonomy":"post_tag","embeddable":true,"href":"https:\/\/www.locoxelrojo.com\/independiente\/wp-json\/wp\/v2\/tags?post=1341"}],"curies":[{"name":"wp","href":"https:\/\/api.w.org\/{rel}","templated":true}]}}