{"id":13466,"date":"2011-12-17T19:09:18","date_gmt":"2011-12-17T22:09:18","guid":{"rendered":"http:\/\/www.locoxelrojo.com.ar\/independiente\/?p=13466"},"modified":"2015-09-21T23:23:10","modified_gmt":"2015-09-22T02:23:10","slug":"cierre-de-campana-de-lista-roja","status":"publish","type":"post","link":"https:\/\/www.locoxelrojo.com\/independiente\/2011\/12\/17\/cierre-de-campana-de-lista-roja\/","title":{"rendered":"Cierre de campa\u00f1a de Lista Roja"},"content":{"rendered":"<p><a href=\"http:\/\/www.locoxelrojo.com.ar\/independiente\/wp-content\/uploads\/2011\/12\/lrcierre.jpg\"><img loading=\"lazy\" class=\"alignnone size-full wp-image-13467\" title=\"lrcierre\" src=\"http:\/\/www.locoxelrojo.com.ar\/independiente\/wp-content\/uploads\/2011\/12\/lrcierre.jpg\" alt=\"\" width=\"590\" height=\"315\" srcset=\"https:\/\/locoxelrojo.com\/independiente\/wp-content\/uploads\/2011\/12\/lrcierre.jpg 590w, https:\/\/locoxelrojo.com\/independiente\/wp-content\/uploads\/2011\/12\/lrcierre-300x160.jpg 300w\" sizes=\"(max-width: 590px) 100vw, 590px\" \/><\/a><\/p>\n<p><strong>Lista Roja cerr\u00f3 oficialmente su campa\u00f1a ayer en el loca que la agrupaci\u00f3n posee en Avellaneda, donde asistieron aproximadamente 150 militantes.<\/strong><\/p>\n<p>La velada comenz\u00f3 con un discurso de Eber Baqueiro, presidente de <strong>Lista Roja<\/strong>, quien describi\u00f3 en algunas palabras los objetivos cumplidos por parte de la agrupaci\u00f3n en a\u00f1os pasados y le dio todo su apoyo y confianza al Trinomio presentado.<\/p>\n<p>Luego, quien tom\u00f3 la posta fue el candidato a presidente, Juan Torres, quien agradeci\u00f3 la concurrencia de la gente y aprovecho el micr\u00f3fono para seguir coment\u00e1ndole a las personas que asistieron, cuales son los motivos por los cuales deben confiarles sus votos este domingo.<\/p>\n<p><strong>\u201cNosotros tenemos experiencia, salimos tarde a hacer campa\u00f1a, es verdad, pero realmente lo hicimos con un coraz\u00f3n y unas ganas que hacen que cada d\u00eda me siente asombrado\u201d<\/strong>, reconoci\u00f3 Torres y agreg\u00f3 que al final, las tres agrupaciones dijeron <strong>\u201clo mismo\u201d<\/strong> sobre lo que iban a hacer en el supuesto caso de conseguir la gobernaci\u00f3n del club, pero que para ellos la historia, la capacidad y el conocimiento de la instituci\u00f3n lo tiene la Lista Roja. <strong>\u201cNos podemos haber equivocado, pero una cosa equivocarse honestamente y otra hacerlo horriblemente, nosotros no tenemos nada que oculta. Nosotros gobernamos mucho, tal vez nos falt\u00f3 comunicaci\u00f3n\u201d<\/strong>\u00b8 explic\u00f3.<\/p>\n<p>Para finalizar, Juan Torres se refiri\u00f3 exclusivamente a la jornada a realizarse el domingo 18: <strong>\u201cQuiero que la gente vaya masivamente a estas elecciones. Son s\u00f3lo dos o tres horas que tienen que dedicarle del d\u00eda a esto. Espero que el domingo nos acerquemos y controlemos lo que pueda pasar\u2026 s\u00f3lo as\u00ed va a tener un final feliz\u201d<\/strong>, cerr\u00f3.<\/p>\n<p><strong>Fotos del Evento:<\/strong><\/p>\n<p><a href=\"http:\/\/www.locoxelrojo.com.ar\/independiente\/wp-content\/uploads\/2011\/12\/lrcierre2.jpg\"><img loading=\"lazy\" class=\"alignnone size-full wp-image-13468\" title=\"lrcierre2\" src=\"http:\/\/www.locoxelrojo.com.ar\/independiente\/wp-content\/uploads\/2011\/12\/lrcierre2.jpg\" alt=\"\" width=\"590\" height=\"315\" srcset=\"https:\/\/locoxelrojo.com\/independiente\/wp-content\/uploads\/2011\/12\/lrcierre2.jpg 590w, https:\/\/locoxelrojo.com\/independiente\/wp-content\/uploads\/2011\/12\/lrcierre2-300x160.jpg 300w\" sizes=\"(max-width: 590px) 100vw, 590px\" \/><\/a><\/p>\n<p><a href=\"http:\/\/www.locoxelrojo.com.ar\/independiente\/wp-content\/uploads\/2011\/12\/lrcierre1.jpg\"><img loading=\"lazy\" class=\"alignnone size-full wp-image-13469\" title=\"lrcierre\" src=\"http:\/\/www.locoxelrojo.com.ar\/independiente\/wp-content\/uploads\/2011\/12\/lrcierre1.jpg\" alt=\"\" width=\"590\" height=\"315\" srcset=\"https:\/\/locoxelrojo.com\/independiente\/wp-content\/uploads\/2011\/12\/lrcierre1.jpg 590w, https:\/\/locoxelrojo.com\/independiente\/wp-content\/uploads\/2011\/12\/lrcierre1-300x160.jpg 300w\" sizes=\"(max-width: 590px) 100vw, 590px\" \/><\/a><\/p>\n","protected":false},"excerpt":{"rendered":"<p>Lista Roja cerr\u00f3 oficialmente su campa\u00f1a ayer en el loca que la agrupaci\u00f3n posee en Avellaneda, donde asistieron aproximadamente 150 militantes. La velada comenz\u00f3 con un discurso de Eber Baqueiro, presidente de Lista Roja, quien describi\u00f3 en algunas palabras los objetivos cumplidos por parte de la agrupaci\u00f3n en a\u00f1os pasados y le dio todo su [&hellip;]<\/p>\n","protected":false},"author":1,"featured_media":0,"comment_status":"open","ping_status":"open","sticky":false,"template":"","format":"standard","meta":{"_links_to":"","_links_to_target":""},"categories":[3,1],"tags":[153,752,722,1135,738],"_links":{"self":[{"href":"https:\/\/www.locoxelrojo.com\/independiente\/wp-json\/wp\/v2\/posts\/13466"}],"collection":[{"href":"https:\/\/www.locoxelrojo.com\/independiente\/wp-json\/wp\/v2\/posts"}],"about":[{"href":"https:\/\/www.locoxelrojo.com\/independiente\/wp-json\/wp\/v2\/types\/post"}],"author":[{"embeddable":true,"href":"https:\/\/www.locoxelrojo.com\/independiente\/wp-json\/wp\/v2\/users\/1"}],"replies":[{"embeddable":true,"href":"https:\/\/www.locoxelrojo.com\/independiente\/wp-json\/wp\/v2\/comments?post=13466"}],"version-history":[{"count":0,"href":"https:\/\/www.locoxelrojo.com\/independiente\/wp-json\/wp\/v2\/posts\/13466\/revisions"}],"wp:attachment":[{"href":"https:\/\/www.locoxelrojo.com\/independiente\/wp-json\/wp\/v2\/media?parent=13466"}],"wp:term":[{"taxonomy":"category","embeddable":true,"href":"https:\/\/www.locoxelrojo.com\/independiente\/wp-json\/wp\/v2\/categories?post=13466"},{"taxonomy":"post_tag","embeddable":true,"href":"https:\/\/www.locoxelrojo.com\/independiente\/wp-json\/wp\/v2\/tags?post=13466"}],"curies":[{"name":"wp","href":"https:\/\/api.w.org\/{rel}","templated":true}]}}