{"id":1348,"date":"2010-09-25T04:26:55","date_gmt":"2010-09-25T07:26:55","guid":{"rendered":"http:\/\/www.locoxelrojo.com.ar\/independiente\/?p=1348"},"modified":"2015-09-09T03:30:55","modified_gmt":"2015-09-09T06:30:55","slug":"facundo-parra-nos-sacamos-la-presion-de-encima-y-jugamos-mas-liberados","status":"publish","type":"post","link":"https:\/\/www.locoxelrojo.com\/independiente\/2010\/09\/25\/facundo-parra-nos-sacamos-la-presion-de-encima-y-jugamos-mas-liberados\/","title":{"rendered":"Parra: &#8220;Nos sacamos la presi\u00f3n de encima y jugamos m\u00e1s liberados&#8221;"},"content":{"rendered":"<p><a href=\"http:\/\/www.locoxelrojo.com.ar\/independiente\/wp-content\/uploads\/2010\/09\/Parra.jpg\"><img loading=\"lazy\" class=\"alignnone size-full wp-image-1349\" title=\"Parra\" src=\"http:\/\/www.locoxelrojo.com.ar\/independiente\/wp-content\/uploads\/2010\/09\/Parra.jpg\" alt=\"\" width=\"550\" height=\"315\" srcset=\"https:\/\/locoxelrojo.com\/independiente\/wp-content\/uploads\/2010\/09\/Parra.jpg 550w, https:\/\/locoxelrojo.com\/independiente\/wp-content\/uploads\/2010\/09\/Parra-300x171.jpg 300w\" sizes=\"(max-width: 550px) 100vw, 550px\" \/><\/a><\/p>\n<p>Facundo Parra dialog\u00f3 con LocoxelRojo Web culminado el partido en la zona mixta e hizo un balance de lo que fue su primera victoria por campeonatos oficiales con la camiseta roja. El delantero vio un partido en donde \u201c<strong>se corri\u00f3 much\u00edsimo, se meti\u00f3 much\u00edsimo y por momentos se intent\u00f3 jugar m\u00e1s all\u00e1 de que terminamos apretados<\/strong>.\u201d<\/p>\n<p>En cuanto a sus primeras sensaciones, Parra explic\u00f3 que \u201c<strong>esto es una liberaci\u00f3n, aire que nos da para jugar el martes y hacerlo de la mejor manera. Sirve much\u00edsimo y es important\u00edsimo porque no hab\u00edamos ganado. Tambi\u00e9n es importante la forma porque ganamos con actitud y ganas que se notaron y se vieron. Eso da tranquilidad<\/strong>.\u201d<\/p>\n<p>Para el ex Chacarita, el triunfo y el cambio de actitud se dio porque \u201cc<strong>uando se empieza una nueva etapa todo cambia. El pensamiento de cada uno dentro del plantel empieza de 0. Tambi\u00e9n para la gente. Era como que nos sacamos la presi\u00f3n de encima y jugamos m\u00e1s liberados. A partir del 1-0, sab\u00edamos que pod\u00edamos llegar a ganar y est\u00e1bamos mucho m\u00e1s tranquilos.<\/strong>\u201d<\/p>\n<p>Respecto a su an\u00e1lisis dentro del campo de juego, Parra explic\u00f3: \u201cE<strong>l balance personal es positivo a full porque lo m\u00e1s importante era ganar.\u00a0 En un momento qued\u00e9 atr\u00e1s de Godoy porque Mancuello qued\u00f3 afuera y me puse m\u00e1s de volante por izquierda para cubrir el espacio. No me molesta retrasarme siempre y cuando sirva. Trato de dar lo mejor posible y estar ah\u00ed porque podes robar una pelota ganando 1-0 y generar un buen contraataque<\/strong>.\u201d<\/p>\n<p>Sobre lo f\u00edsico, Facundo cont\u00f3: \u201c<strong>estoy bien, joya. Encima de que no estamos bien se nos lesionan los jugadores. Pese a eso hoy logramos una victoria important\u00edsima.<\/strong>\u201d<\/p>\n<p>Parra, fue otro de los que hizo menci\u00f3n del hecho ocurrido en la llegada al Libertadores de Am\u00e9rica. \u201c<strong>No nos doli\u00f3 lo del puente, nos reimos<\/strong>.\u201d, confes\u00f3. Y agreg\u00f3: \u201c<strong>alguno de los chicos identific\u00f3 un par de buzos de Independiente pero yo no los vi. Yo vi uno que no ten\u00eda ni siquiera una docenita, ten\u00eda esas cajas de 30 y los iba sacando y tirando de a uno<\/strong>\u201d, se rio.<\/p>\n<p>Y hasta se hizo espacio para la broma, ante la pregunta de si llov\u00eda por la victoria, el delantero retruc\u00f3: \u201c<strong>Porque Independiente gan\u00f3 llovizna y si yo hac\u00eda un gol ahora no te pod\u00edas ir porque estar\u00edan cayendo piedrazos<\/strong>\u201d.<\/p>\n","protected":false},"excerpt":{"rendered":"<p>Facundo Parra dialog\u00f3 con LocoxelRojo Web culminado el partido en la zona mixta e hizo un balance de lo que fue su primera victoria por campeonatos oficiales con la camiseta roja. El delantero vio un partido en donde \u201cse corri\u00f3 much\u00edsimo, se meti\u00f3 much\u00edsimo y por momentos se intent\u00f3 jugar m\u00e1s all\u00e1 de que terminamos [&hellip;]<\/p>\n","protected":false},"author":1,"featured_media":0,"comment_status":"open","ping_status":"open","sticky":false,"template":"","format":"standard","meta":{"_links_to":"","_links_to_target":""},"categories":[3,1],"tags":[36],"_links":{"self":[{"href":"https:\/\/www.locoxelrojo.com\/independiente\/wp-json\/wp\/v2\/posts\/1348"}],"collection":[{"href":"https:\/\/www.locoxelrojo.com\/independiente\/wp-json\/wp\/v2\/posts"}],"about":[{"href":"https:\/\/www.locoxelrojo.com\/independiente\/wp-json\/wp\/v2\/types\/post"}],"author":[{"embeddable":true,"href":"https:\/\/www.locoxelrojo.com\/independiente\/wp-json\/wp\/v2\/users\/1"}],"replies":[{"embeddable":true,"href":"https:\/\/www.locoxelrojo.com\/independiente\/wp-json\/wp\/v2\/comments?post=1348"}],"version-history":[{"count":0,"href":"https:\/\/www.locoxelrojo.com\/independiente\/wp-json\/wp\/v2\/posts\/1348\/revisions"}],"wp:attachment":[{"href":"https:\/\/www.locoxelrojo.com\/independiente\/wp-json\/wp\/v2\/media?parent=1348"}],"wp:term":[{"taxonomy":"category","embeddable":true,"href":"https:\/\/www.locoxelrojo.com\/independiente\/wp-json\/wp\/v2\/categories?post=1348"},{"taxonomy":"post_tag","embeddable":true,"href":"https:\/\/www.locoxelrojo.com\/independiente\/wp-json\/wp\/v2\/tags?post=1348"}],"curies":[{"name":"wp","href":"https:\/\/api.w.org\/{rel}","templated":true}]}}