{"id":13545,"date":"2011-12-20T18:46:31","date_gmt":"2011-12-20T21:46:31","guid":{"rendered":"http:\/\/www.locoxelrojo.com.ar\/independiente\/?p=13545"},"modified":"2011-12-20T19:50:56","modified_gmt":"2011-12-20T22:50:56","slug":"ramon-sigue","status":"publish","type":"post","link":"https:\/\/www.locoxelrojo.com\/independiente\/2011\/12\/20\/ramon-sigue\/","title":{"rendered":"Ram\u00f3n sigue"},"content":{"rendered":"<p><a href=\"http:\/\/www.locoxelrojo.com.ar\/independiente\/wp-content\/uploads\/2011\/12\/ramon.jpg\"><img loading=\"lazy\" class=\"alignnone size-full wp-image-13546\" title=\"ramon\" src=\"http:\/\/www.locoxelrojo.com.ar\/independiente\/wp-content\/uploads\/2011\/12\/ramon.jpg\" alt=\"\" width=\"590\" height=\"315\" srcset=\"https:\/\/locoxelrojo.com\/independiente\/wp-content\/uploads\/2011\/12\/ramon.jpg 590w, https:\/\/locoxelrojo.com\/independiente\/wp-content\/uploads\/2011\/12\/ramon-300x160.jpg 300w\" sizes=\"(max-width: 590px) 100vw, 590px\" \/><\/a><\/p>\n<p>Luego de casi dos horas de reuni\u00f3n, Javier Cantero acord\u00f3 la continuidad de Ram\u00f3n D\u00edaz y su cuerpo t\u00e9cnico. A pesar de que el entrenador no cobr\u00f3 un peso desde que lleg\u00f3 a la instituci\u00f3n, el presidente electo logr\u00f3 negociar el contrato y refinanciar su deuda.<\/p>\n<p>La pretemporada no ser\u00e1 en el Hotel Provincial que ten\u00eda previsto Baldomero \u00c1lvarez de Olivera en Mar del Plata sino en el complejo Floreal Gorini, ex Residencias Cooperativas de Turismo. Juan Torres, candidato a presidente por la Lista Roja es uno de sus directivos. El predio vacacional de los empleados del Banco Credicoop se ubica en Ruta 11, kil\u00f3metro 542.<\/p>\n<p>Los departamentos del complejo cuentan con 51 metros cuadrados, camas matrimoniales, suite, hidromasaje, televisor lcd, caja de seguridad electr\u00f3nica y frigobar. Adem\u00e1s, el plantel dispondr\u00e1 de Sauna h\u00famedo y seco, Hidromasaje, Tratamientos de est\u00e9tica, relax y salud.<\/p>\n","protected":false},"excerpt":{"rendered":"<p>Luego de casi dos horas de reuni\u00f3n, Javier Cantero acord\u00f3 la continuidad de Ram\u00f3n D\u00edaz y su cuerpo t\u00e9cnico. A pesar de que el entrenador no cobr\u00f3 un peso desde que lleg\u00f3 a la instituci\u00f3n, el presidente electo logr\u00f3 negociar el contrato y refinanciar su deuda. La pretemporada no ser\u00e1 en el Hotel Provincial que [&hellip;]<\/p>\n","protected":false},"author":1,"featured_media":0,"comment_status":"open","ping_status":"open","sticky":false,"template":"","format":"standard","meta":{"_links_to":"","_links_to_target":""},"categories":[3,4,1],"tags":[1176,153,761,1135,738,471,500],"_links":{"self":[{"href":"https:\/\/www.locoxelrojo.com\/independiente\/wp-json\/wp\/v2\/posts\/13545"}],"collection":[{"href":"https:\/\/www.locoxelrojo.com\/independiente\/wp-json\/wp\/v2\/posts"}],"about":[{"href":"https:\/\/www.locoxelrojo.com\/independiente\/wp-json\/wp\/v2\/types\/post"}],"author":[{"embeddable":true,"href":"https:\/\/www.locoxelrojo.com\/independiente\/wp-json\/wp\/v2\/users\/1"}],"replies":[{"embeddable":true,"href":"https:\/\/www.locoxelrojo.com\/independiente\/wp-json\/wp\/v2\/comments?post=13545"}],"version-history":[{"count":0,"href":"https:\/\/www.locoxelrojo.com\/independiente\/wp-json\/wp\/v2\/posts\/13545\/revisions"}],"wp:attachment":[{"href":"https:\/\/www.locoxelrojo.com\/independiente\/wp-json\/wp\/v2\/media?parent=13545"}],"wp:term":[{"taxonomy":"category","embeddable":true,"href":"https:\/\/www.locoxelrojo.com\/independiente\/wp-json\/wp\/v2\/categories?post=13545"},{"taxonomy":"post_tag","embeddable":true,"href":"https:\/\/www.locoxelrojo.com\/independiente\/wp-json\/wp\/v2\/tags?post=13545"}],"curies":[{"name":"wp","href":"https:\/\/api.w.org\/{rel}","templated":true}]}}