{"id":13550,"date":"2011-12-21T02:08:25","date_gmt":"2011-12-21T05:08:25","guid":{"rendered":"http:\/\/www.locoxelrojo.com.ar\/independiente\/?p=13550"},"modified":"2011-12-21T03:11:13","modified_gmt":"2011-12-21T05:11:13","slug":"ducatenzeiler-el-oficialismo-es-un-nido-de-traidores","status":"publish","type":"post","link":"https:\/\/www.locoxelrojo.com\/independiente\/2011\/12\/21\/ducatenzeiler-el-oficialismo-es-un-nido-de-traidores\/","title":{"rendered":"Ducatenzeiler: &#8220;El oficialismo es un nido de traidores&#8221;"},"content":{"rendered":"<p><a href=\"http:\/\/www.locoxelrojo.com.ar\/independiente\/wp-content\/uploads\/2011\/12\/ducatenzeiler.jpg\"><img loading=\"lazy\" class=\"alignnone size-full wp-image-13551\" title=\"ducatenzeiler\" src=\"http:\/\/www.locoxelrojo.com.ar\/independiente\/wp-content\/uploads\/2011\/12\/ducatenzeiler.jpg\" alt=\"\" width=\"590\" height=\"315\" srcset=\"https:\/\/locoxelrojo.com\/independiente\/wp-content\/uploads\/2011\/12\/ducatenzeiler.jpg 590w, https:\/\/locoxelrojo.com\/independiente\/wp-content\/uploads\/2011\/12\/ducatenzeiler-300x160.jpg 300w\" sizes=\"(max-width: 590px) 100vw, 590px\" \/><\/a><\/p>\n<p><strong>Andres Ducatenzeiler<\/strong> volvi\u00f3 a la carga. El ex presidente de Independiente carg\u00f3 contra Julio Comparada y su comisi\u00f3n directiva. <strong>&#8220;El oficialismo es un nido de traidores y Comparada lo sufrio en carne propia&#8221;<\/strong>, sentenci\u00f3 en Campanas del Infierno. Luego agreg\u00f3: <strong>&#8220;los Misticos van a tener mucho trabajo porque el club esta\u00a0devastado&#8221;.<\/strong><\/p>\n<p>Respecto a la asunci\u00f3n de Independiente M\u00edstico, uno de los principales autores del vaciamiento del club agreg\u00f3: <strong>&#8220;Ahora hay que tener paciencia, no llego el tio rico, hay que tener cuidado y tener temple&#8221;. <\/strong><strong>Desde su punto de vista<\/strong><strong>, <strong>&#8220;esta es la peor gestion de la historia porque se trajeron mas de 100 jugadores&#8221;.<\/strong> <\/strong><strong>Adem\u00e1s, sugiri\u00f3 refuerzos<\/strong><strong>. <strong>&#8220;Tienen que traer a Montenegro y a Insua para asegurar calidad y goles&#8221;<\/strong>,<\/strong><strong> advirti\u00f3.<\/strong><\/p>\n<p><strong>Por \u00faltimo, le dese\u00f3 suerte a Cantero y pidi\u00f3 terminar con una pr\u00e1ctica que en su persona era habitual junto con las partidas de cartas en Puerto Madero -pagaba con cheques del club-<\/strong><strong>.<strong> <strong>&#8220;Es hora de que terminen con los intermediarios&#8221;<\/strong><\/strong>,<\/strong><strong><em><strong> <\/strong><strong>concluy\u00f3 quien actualmente tiene un piso en el barrio de Belgrano gracias a los fondos del club.<\/strong><\/em><\/strong><\/p>\n","protected":false},"excerpt":{"rendered":"<p>Andres Ducatenzeiler volvi\u00f3 a la carga. El ex presidente de Independiente carg\u00f3 contra Julio Comparada y su comisi\u00f3n directiva. &#8220;El oficialismo es un nido de traidores y Comparada lo sufrio en carne propia&#8221;, sentenci\u00f3 en Campanas del Infierno. Luego agreg\u00f3: &#8220;los Misticos van a tener mucho trabajo porque el club esta\u00a0devastado&#8221;. Respecto a la asunci\u00f3n [&hellip;]<\/p>\n","protected":false},"author":1,"featured_media":0,"comment_status":"open","ping_status":"open","sticky":false,"template":"","format":"standard","meta":{"_links_to":"","_links_to_target":""},"categories":[1],"tags":[744,153,761,723,33],"_links":{"self":[{"href":"https:\/\/www.locoxelrojo.com\/independiente\/wp-json\/wp\/v2\/posts\/13550"}],"collection":[{"href":"https:\/\/www.locoxelrojo.com\/independiente\/wp-json\/wp\/v2\/posts"}],"about":[{"href":"https:\/\/www.locoxelrojo.com\/independiente\/wp-json\/wp\/v2\/types\/post"}],"author":[{"embeddable":true,"href":"https:\/\/www.locoxelrojo.com\/independiente\/wp-json\/wp\/v2\/users\/1"}],"replies":[{"embeddable":true,"href":"https:\/\/www.locoxelrojo.com\/independiente\/wp-json\/wp\/v2\/comments?post=13550"}],"version-history":[{"count":0,"href":"https:\/\/www.locoxelrojo.com\/independiente\/wp-json\/wp\/v2\/posts\/13550\/revisions"}],"wp:attachment":[{"href":"https:\/\/www.locoxelrojo.com\/independiente\/wp-json\/wp\/v2\/media?parent=13550"}],"wp:term":[{"taxonomy":"category","embeddable":true,"href":"https:\/\/www.locoxelrojo.com\/independiente\/wp-json\/wp\/v2\/categories?post=13550"},{"taxonomy":"post_tag","embeddable":true,"href":"https:\/\/www.locoxelrojo.com\/independiente\/wp-json\/wp\/v2\/tags?post=13550"}],"curies":[{"name":"wp","href":"https:\/\/api.w.org\/{rel}","templated":true}]}}