{"id":13656,"date":"2011-12-23T20:59:23","date_gmt":"2011-12-23T23:59:23","guid":{"rendered":"http:\/\/www.locoxelrojo.com.ar\/independiente\/?p=13656"},"modified":"2011-12-23T21:01:39","modified_gmt":"2011-12-24T00:01:39","slug":"mohamed-solamente-cobre-los-premios-por-la-sudamericana","status":"publish","type":"post","link":"https:\/\/www.locoxelrojo.com\/independiente\/2011\/12\/23\/mohamed-solamente-cobre-los-premios-por-la-sudamericana\/","title":{"rendered":"Mohamed: &#8220;Solamente cobr\u00e9 los premios por la Sudamericana&#8221;"},"content":{"rendered":"<p><a href=\"http:\/\/www.locoxelrojo.com.ar\/independiente\/wp-content\/uploads\/2011\/12\/mohamed_delplata.jpg\"><img loading=\"lazy\" class=\"alignnone size-full wp-image-13657\" title=\"mohamed_delplata\" src=\"http:\/\/www.locoxelrojo.com.ar\/independiente\/wp-content\/uploads\/2011\/12\/mohamed_delplata.jpg\" alt=\"\" width=\"590\" height=\"315\" srcset=\"https:\/\/locoxelrojo.com\/independiente\/wp-content\/uploads\/2011\/12\/mohamed_delplata.jpg 590w, https:\/\/locoxelrojo.com\/independiente\/wp-content\/uploads\/2011\/12\/mohamed_delplata-300x160.jpg 300w\" sizes=\"(max-width: 590px) 100vw, 590px\" \/><\/a><\/p>\n<p><strong>Antonio Mohamed, ex entrenador de Independiente habl\u00f3 en Fox Sports Radio del Plata y cont\u00f3 varios detalles sobre su paso por Independiente. Confirm\u00f3 que en todo el tiempo de trabajo, s\u00f3lo cobr\u00f3 los premios por la obtenci\u00f3n de la Copa Sudamericana y que el club le adeuda sueldos, aguinaldos y primas.<\/strong> Como anticip\u00f3 d\u00edas atr\u00e1s <strong><a href=\"http:\/\/www.locoxelrojo.com.ar\/independiente\/2011\/12\/22\/urgencias-economicas\/\">LocoXelRojo<\/a><\/strong>, espera poder juntarse con la actual dirigencia para cobrar o renogociar la deuda porque considera que <strong>&#8220;ya no se puede esperar m\u00e1s&#8221;<\/strong>. <strong>Tambi\u00e9n le dese\u00f3 buena suerte al Presidente Javier Cantero y se tom\u00f3 unos minutos para pasarle factura a Ram\u00f3n D\u00edaz.<\/strong><\/p>\n<p><strong>&#8220;Estoy informado de todo lo que pasa en Independiente. Leo diarios, miro la televici\u00f3n, no se si me sorprendi\u00f3 lo que pas\u00f3&#8221;<\/strong>, cont\u00f3 el Turco, quien se encuentra en San Diego, Estados Unidos y actualmente est\u00e1 dirigiendo al Tijuana de M\u00e9xico: <strong>&#8220;tengo contrato hasta junio del 2012. Estoy muy contento y c\u00f3modo ac\u00e1&#8221;<\/strong>. Por el momento, no piensa en pegar la vuelta al pa\u00eds,<strong> &#8220;necesitaba tomar distancia del F\u00fatbol Argentino, estoy tomando energ\u00eda y cuando llegue el momento de volver lo har\u00e9&#8221;<\/strong>, dijo.<\/p>\n<p><strong>&#8220;En esta ocasi\u00f3n, la gente de Independiente demostr\u00f3 que quer\u00edan un cambio. Cuando yo estaba adentro, esto no se imaginaba. Siempre se habl\u00f3 de una continuidad&#8221;<\/strong>, manifest\u00f3 sobre el cambio de mando en la dirigencia del Rojo. No quiso explayarse mucho sobre la forma en la que se fue del club, s\u00f3lo expres\u00f3 que <strong>&#8220;me hubiese gustado que me lo digan de frente. Para m\u00ed es una historia cerrada&#8221;<\/strong>.<\/p>\n<p>Confirm\u00f3 lo que adelantabamos d\u00edas atr\u00e1s, que Independiente le debe una suma importante de dinero.<strong> &#8220;Desde que llegu\u00e9 s\u00f3lo cobre los premios por la Sudamericana. Me deben 10 meses de sueldo, primas y aguinaldo&#8221;<\/strong>, confirm\u00f3 el Turco. Tambi\u00e9n, espera que la nueva dirigencia logre<strong> &#8220;credibilidad en los pagos, deudas y d\u00eda a d\u00eda en el club&#8221;<\/strong>, pero cree que en su caso esper\u00f3 bastante:<strong> &#8220;no se puede esperar m\u00e1s, pas\u00f3 demasiado tiempo y solo hemos cobrado los premios de la Sudamericana. Se vencieron los cheques y no hay respuesta, nadie le quiere hacer mal al club. Si se acercan hablar no hay ning\u00fan problema, ojal\u00e1 haya buena predisposci\u00f3n para pagar&#8221;<\/strong>.<\/p>\n<p>Lament\u00f3 no haber podido cumplir con los objetivos en el segundo semestre y explic\u00f3 que<strong> &#8220;hicimos una pretemporada much\u00edsimo m\u00e1s corta y sab\u00edamos que jug\u00e1bamos finales contra equipos en plena competencia&#8221;<\/strong>. Agreg\u00f3: <strong>&#8220;no estoy identificado con el club pero me quedar\u00e1n momentos grabados para toda la vida, no se compara con nada&#8221; <\/strong>y descart\u00f3 en alg\u00fan momento dirigir Racing Club, por respeto al hincha.<\/p>\n<p>Por \u00faltimo le peg\u00f3 a Ram\u00f3n D\u00edaz, quien critic\u00f3 la forma f\u00edsica en la que se encontraba el plantel cuando \u00e9l lleg\u00f3. <strong>&#8220;Me hubiese gustado que el t\u00e9cnico que esta tenga m\u00e1s respeto con la gente que se fue. Es un hombre grande&#8221;<\/strong>, peg\u00f3 Mohamed.<strong> &#8220;Ram\u00f3n hizo lo mismo con el Cholo cuando estaba en San Lorenzo&#8221;<\/strong>, a\u00f1adi\u00f3 caliente el ex entrenador de Independiente, quien tambi\u00e9n record\u00f3 que<strong> &#8220;nadie se acord\u00f3 del Dany Garnero cuando agarr\u00e9 el equipo \u00faltimo, lo m\u00e1s correcto es no hablar del t\u00e9cnico anterior&#8221;<\/strong>, cerr\u00f3.<\/p>\n","protected":false},"excerpt":{"rendered":"<p>Antonio Mohamed, ex entrenador de Independiente habl\u00f3 en Fox Sports Radio del Plata y cont\u00f3 varios detalles sobre su paso por Independiente. Confirm\u00f3 que en todo el tiempo de trabajo, s\u00f3lo cobr\u00f3 los premios por la obtenci\u00f3n de la Copa Sudamericana y que el club le adeuda sueldos, aguinaldos y primas. Como anticip\u00f3 d\u00edas atr\u00e1s [&hellip;]<\/p>\n","protected":false},"author":1,"featured_media":0,"comment_status":"open","ping_status":"open","sticky":false,"template":"","format":"standard","meta":{"_links_to":"","_links_to_target":""},"categories":[3,1],"tags":[115,153,645,723,500],"_links":{"self":[{"href":"https:\/\/www.locoxelrojo.com\/independiente\/wp-json\/wp\/v2\/posts\/13656"}],"collection":[{"href":"https:\/\/www.locoxelrojo.com\/independiente\/wp-json\/wp\/v2\/posts"}],"about":[{"href":"https:\/\/www.locoxelrojo.com\/independiente\/wp-json\/wp\/v2\/types\/post"}],"author":[{"embeddable":true,"href":"https:\/\/www.locoxelrojo.com\/independiente\/wp-json\/wp\/v2\/users\/1"}],"replies":[{"embeddable":true,"href":"https:\/\/www.locoxelrojo.com\/independiente\/wp-json\/wp\/v2\/comments?post=13656"}],"version-history":[{"count":0,"href":"https:\/\/www.locoxelrojo.com\/independiente\/wp-json\/wp\/v2\/posts\/13656\/revisions"}],"wp:attachment":[{"href":"https:\/\/www.locoxelrojo.com\/independiente\/wp-json\/wp\/v2\/media?parent=13656"}],"wp:term":[{"taxonomy":"category","embeddable":true,"href":"https:\/\/www.locoxelrojo.com\/independiente\/wp-json\/wp\/v2\/categories?post=13656"},{"taxonomy":"post_tag","embeddable":true,"href":"https:\/\/www.locoxelrojo.com\/independiente\/wp-json\/wp\/v2\/tags?post=13656"}],"curies":[{"name":"wp","href":"https:\/\/api.w.org\/{rel}","templated":true}]}}