{"id":13680,"date":"2011-12-26T10:37:07","date_gmt":"2011-12-26T13:37:07","guid":{"rendered":"http:\/\/www.locoxelrojo.com.ar\/independiente\/?p=13680"},"modified":"2011-12-26T10:37:07","modified_gmt":"2011-12-26T13:37:07","slug":"yo-me-quedo-aca","status":"publish","type":"post","link":"https:\/\/www.locoxelrojo.com\/independiente\/2011\/12\/26\/yo-me-quedo-aca\/","title":{"rendered":"Yo me quedo ac\u00e1"},"content":{"rendered":"<p><a href=\"http:\/\/www.locoxelrojo.com.ar\/independiente\/wp-content\/uploads\/2011\/12\/carlos_matheu.jpg\"><img loading=\"lazy\" class=\"alignnone size-full wp-image-13681\" title=\"carlos_matheu\" src=\"http:\/\/www.locoxelrojo.com.ar\/independiente\/wp-content\/uploads\/2011\/12\/carlos_matheu.jpg\" alt=\"\" width=\"590\" height=\"315\" srcset=\"https:\/\/locoxelrojo.com\/independiente\/wp-content\/uploads\/2011\/12\/carlos_matheu.jpg 590w, https:\/\/locoxelrojo.com\/independiente\/wp-content\/uploads\/2011\/12\/carlos_matheu-300x160.jpg 300w\" sizes=\"(max-width: 590px) 100vw, 590px\" \/><\/a><\/p>\n<p>Carlos Matheu recibi\u00f3 una oferta informal de Olimpo de Bah\u00eda Blanca. Sin embargo, el jugador quiere mantener el contrato de Independiente. Entre las primeras declaraciones del nuevo gobierno se destac\u00f3 que los dos contratos m\u00e1s altos del plantel no eran titulares. Uno de ellos pertenece al defensor.<\/p>\n<p>En las \u00faltimas horas, LocoXelRojo se comunic\u00f3 con el oriundo de Quilmes. Sin embargo, no recibi\u00f3 respuesta. El defensor, de vacaciones, fue contactado por los dirigentes de Olimpo mediante su representante. Sin embargo, agradeci\u00f3 y desestim\u00f3 el di\u00e1logo.<\/p>\n<p>Matheu disput\u00f3 solo dos partidos en todo el semestre. En uno fue titular y en el otro suplente. Estuvo en la victoria 3-1 frente a Rafaela y frente a Banfield, ingres\u00f3 a los 38 minutos del primer tiempo cuando reemplaz\u00f3 a Leonel Nu\u00f1ez. El partido estaba 0-0 y, tras dos desbordes en su sector, el Taladro marc\u00f3 en dos oportunidades -fue 3-0 final-. En su carrera lleva disputados 108 partidos y convirti\u00f3 9 goles. Fue expulsado en dos oportunidades.<\/p>\n<p>Por lo pronto, es uno de los que ir\u00eda a la pretemporada en Chapadmalal. Lo cierto es que por delante tiene a Gabriel Milito, Eduardo Tuzzio e, incluso, Leonel Galeano. \u00a0Rivoira y el presidente Alfredo Dagna, en tanto, ya piensan en otra alternativa.<\/p>\n","protected":false},"excerpt":{"rendered":"<p>Carlos Matheu recibi\u00f3 una oferta informal de Olimpo de Bah\u00eda Blanca. Sin embargo, el jugador quiere mantener el contrato de Independiente. Entre las primeras declaraciones del nuevo gobierno se destac\u00f3 que los dos contratos m\u00e1s altos del plantel no eran titulares. Uno de ellos pertenece al defensor. En las \u00faltimas horas, LocoXelRojo se comunic\u00f3 con [&hellip;]<\/p>\n","protected":false},"author":1,"featured_media":0,"comment_status":"open","ping_status":"open","sticky":false,"template":"","format":"standard","meta":{"_links_to":"","_links_to_target":""},"categories":[3,1],"tags":[27,153,179],"_links":{"self":[{"href":"https:\/\/www.locoxelrojo.com\/independiente\/wp-json\/wp\/v2\/posts\/13680"}],"collection":[{"href":"https:\/\/www.locoxelrojo.com\/independiente\/wp-json\/wp\/v2\/posts"}],"about":[{"href":"https:\/\/www.locoxelrojo.com\/independiente\/wp-json\/wp\/v2\/types\/post"}],"author":[{"embeddable":true,"href":"https:\/\/www.locoxelrojo.com\/independiente\/wp-json\/wp\/v2\/users\/1"}],"replies":[{"embeddable":true,"href":"https:\/\/www.locoxelrojo.com\/independiente\/wp-json\/wp\/v2\/comments?post=13680"}],"version-history":[{"count":0,"href":"https:\/\/www.locoxelrojo.com\/independiente\/wp-json\/wp\/v2\/posts\/13680\/revisions"}],"wp:attachment":[{"href":"https:\/\/www.locoxelrojo.com\/independiente\/wp-json\/wp\/v2\/media?parent=13680"}],"wp:term":[{"taxonomy":"category","embeddable":true,"href":"https:\/\/www.locoxelrojo.com\/independiente\/wp-json\/wp\/v2\/categories?post=13680"},{"taxonomy":"post_tag","embeddable":true,"href":"https:\/\/www.locoxelrojo.com\/independiente\/wp-json\/wp\/v2\/tags?post=13680"}],"curies":[{"name":"wp","href":"https:\/\/api.w.org\/{rel}","templated":true}]}}