{"id":13691,"date":"2011-12-26T09:30:20","date_gmt":"2011-12-26T12:30:20","guid":{"rendered":"http:\/\/www.locoxelrojo.com.ar\/independiente\/?p=13691"},"modified":"2011-12-26T12:10:39","modified_gmt":"2011-12-26T15:10:39","slug":"sigue-sumando-juveniles","status":"publish","type":"post","link":"https:\/\/www.locoxelrojo.com\/independiente\/2011\/12\/26\/sigue-sumando-juveniles\/","title":{"rendered":"Sigue sumando juveniles"},"content":{"rendered":"<p><a href=\"http:\/\/www.locoxelrojo.com.ar\/independiente\/wp-content\/uploads\/2011\/12\/reserva_independiente.jpg\"><img loading=\"lazy\" class=\"alignnone size-full wp-image-13692\" title=\"reserva_independiente\" src=\"http:\/\/www.locoxelrojo.com.ar\/independiente\/wp-content\/uploads\/2011\/12\/reserva_independiente.jpg\" alt=\"\" width=\"590\" height=\"315\" srcset=\"https:\/\/locoxelrojo.com\/independiente\/wp-content\/uploads\/2011\/12\/reserva_independiente.jpg 590w, https:\/\/locoxelrojo.com\/independiente\/wp-content\/uploads\/2011\/12\/reserva_independiente-300x160.jpg 300w\" sizes=\"(max-width: 590px) 100vw, 590px\" \/><\/a><\/p>\n<p>Javier Cantero le pidi\u00f3 una lista tentativa de la cantidad de jugadores que viajar\u00edan a la pretemporada en el complejo RCT de Chapadmalal. A Mart\u00edn Ben\u00edtez se sumar\u00edan Lucas Ontivero y Francisco Pizzini. El primero ya fue notificado antes de irse de vacaciones. El segundo, en tanto, a\u00fan no tiene noticias y se presentar\u00e1 a entrenar con la Reserva cuando la tercera divisi\u00f3n vuelva a los trabajos en Villa Dom\u00ednico.<\/p>\n<p>Mart\u00edn Ben\u00edtez solo tiene 5 partidos en primera divisi\u00f3n y ya marc\u00f3 dos goles -en 3 oportunidades ingres\u00f3 desde el banco de los suplentes-. Pizzini, en tanto, debut\u00f3 bajo el interinato de Cristian D\u00edaz el 11 de septiembre de 2011. Fue en el Mario Kempes cuando Independiente fue derrotado 2-0 vs. Belgrano. Ingres\u00f3 a los 52 minutos y sustituy\u00f3 a Osmar Ferreyra. Oriundo de Bah\u00eda Blanca, el media punta tiene 18 a\u00f1os y mide 1 metro 79.<\/p>\n<p>Por \u00faltimo, Lucas Ontivero lleg\u00f3 al club en enero de 2011 y form\u00f3 parte de la sexta divisi\u00f3n. Si bien a\u00fan no tiene firmado un contrato profesional, tuvo pruebas en el Real Madrid, Geonoa y Tottenham. Naci\u00f3 en Catamarca capital un 9 de septiembre de 1994 y desde el primero de diciembre se entrena con el plantel profesional.<\/p>\n","protected":false},"excerpt":{"rendered":"<p>Javier Cantero le pidi\u00f3 una lista tentativa de la cantidad de jugadores que viajar\u00edan a la pretemporada en el complejo RCT de Chapadmalal. A Mart\u00edn Ben\u00edtez se sumar\u00edan Lucas Ontivero y Francisco Pizzini. El primero ya fue notificado antes de irse de vacaciones. El segundo, en tanto, a\u00fan no tiene noticias y se presentar\u00e1 a [&hellip;]<\/p>\n","protected":false},"author":1,"featured_media":0,"comment_status":"open","ping_status":"open","sticky":false,"template":"","format":"standard","meta":{"_links_to":"","_links_to_target":""},"categories":[3,5,1],"tags":[834,1159,258],"_links":{"self":[{"href":"https:\/\/www.locoxelrojo.com\/independiente\/wp-json\/wp\/v2\/posts\/13691"}],"collection":[{"href":"https:\/\/www.locoxelrojo.com\/independiente\/wp-json\/wp\/v2\/posts"}],"about":[{"href":"https:\/\/www.locoxelrojo.com\/independiente\/wp-json\/wp\/v2\/types\/post"}],"author":[{"embeddable":true,"href":"https:\/\/www.locoxelrojo.com\/independiente\/wp-json\/wp\/v2\/users\/1"}],"replies":[{"embeddable":true,"href":"https:\/\/www.locoxelrojo.com\/independiente\/wp-json\/wp\/v2\/comments?post=13691"}],"version-history":[{"count":0,"href":"https:\/\/www.locoxelrojo.com\/independiente\/wp-json\/wp\/v2\/posts\/13691\/revisions"}],"wp:attachment":[{"href":"https:\/\/www.locoxelrojo.com\/independiente\/wp-json\/wp\/v2\/media?parent=13691"}],"wp:term":[{"taxonomy":"category","embeddable":true,"href":"https:\/\/www.locoxelrojo.com\/independiente\/wp-json\/wp\/v2\/categories?post=13691"},{"taxonomy":"post_tag","embeddable":true,"href":"https:\/\/www.locoxelrojo.com\/independiente\/wp-json\/wp\/v2\/tags?post=13691"}],"curies":[{"name":"wp","href":"https:\/\/api.w.org\/{rel}","templated":true}]}}