{"id":13705,"date":"2011-12-26T23:08:02","date_gmt":"2011-12-27T02:08:02","guid":{"rendered":"http:\/\/www.locoxelrojo.com.ar\/independiente\/?p=13705"},"modified":"2011-12-26T23:08:02","modified_gmt":"2011-12-27T02:08:02","slug":"cantero-ya-hubo-varios-que-pidieron-troncos","status":"publish","type":"post","link":"https:\/\/www.locoxelrojo.com\/independiente\/2011\/12\/26\/cantero-ya-hubo-varios-que-pidieron-troncos\/","title":{"rendered":"Cantero: &#8220;Ya hubo varios que pidieron troncos&#8221;"},"content":{"rendered":"<p><a href=\"http:\/\/www.locoxelrojo.com.ar\/independiente\/wp-content\/uploads\/2011\/12\/javier_Cantero1.jpg\"><img loading=\"lazy\" class=\"alignnone size-full wp-image-13706\" title=\"javier_Cantero\" src=\"http:\/\/www.locoxelrojo.com.ar\/independiente\/wp-content\/uploads\/2011\/12\/javier_Cantero1.jpg\" alt=\"\" width=\"590\" height=\"315\" srcset=\"https:\/\/locoxelrojo.com\/independiente\/wp-content\/uploads\/2011\/12\/javier_Cantero1.jpg 590w, https:\/\/locoxelrojo.com\/independiente\/wp-content\/uploads\/2011\/12\/javier_Cantero1-300x160.jpg 300w\" sizes=\"(max-width: 590px) 100vw, 590px\" \/><\/a><\/p>\n<p><strong>Javier Cantero<\/strong> dialog\u00f3 con <strong>Mundo Rojo por Radio La Red<\/strong> y destac\u00f3 a Ram\u00f3n D\u00edaz quien en las reuniones que mantuvieron desde que asumi\u00f3 como presidente reclam\u00f3 jerarqu\u00eda.<strong> &#8220;Ya hubo vario t\u00e9cnicos que pidieron troncos<\/strong>&#8220;, reproch\u00f3.<\/p>\n<p>Luego, el nuevo Presidente se refiri\u00f3 a los pedidos del riojano. <strong>&#8220;Me gusta que me pidan jugadores de categor\u00eda&#8221;,<\/strong> declar\u00f3 a pesar de que en las \u00faltimas horas quedaron desestimados los intereses por Ferreyra, Ram\u00edrez y Pavone. El t\u00e9cnico busca dos delanteros y la dirigencia eval\u00faa alternativas.<\/p>\n<p>Por \u00faltimo, Cantero afirm\u00f3 que realizar\u00e1n los controles prometidos por sobre los dirigentes anteriores. &#8220;<strong>La semana que viene vamos a comenzar la auditoria y vamos a ir entregando informes peri\u00f3dicos&#8221;<\/strong>, sentenci\u00f3.<\/p>\n","protected":false},"excerpt":{"rendered":"<p>Javier Cantero dialog\u00f3 con Mundo Rojo por Radio La Red y destac\u00f3 a Ram\u00f3n D\u00edaz quien en las reuniones que mantuvieron desde que asumi\u00f3 como presidente reclam\u00f3 jerarqu\u00eda. &#8220;Ya hubo vario t\u00e9cnicos que pidieron troncos&#8220;, reproch\u00f3. Luego, el nuevo Presidente se refiri\u00f3 a los pedidos del riojano. &#8220;Me gusta que me pidan jugadores de categor\u00eda&#8221;, [&hellip;]<\/p>\n","protected":false},"author":1,"featured_media":0,"comment_status":"open","ping_status":"open","sticky":false,"template":"","format":"standard","meta":{"_links_to":"","_links_to_target":""},"categories":[3,1],"tags":[153,723,604,500],"_links":{"self":[{"href":"https:\/\/www.locoxelrojo.com\/independiente\/wp-json\/wp\/v2\/posts\/13705"}],"collection":[{"href":"https:\/\/www.locoxelrojo.com\/independiente\/wp-json\/wp\/v2\/posts"}],"about":[{"href":"https:\/\/www.locoxelrojo.com\/independiente\/wp-json\/wp\/v2\/types\/post"}],"author":[{"embeddable":true,"href":"https:\/\/www.locoxelrojo.com\/independiente\/wp-json\/wp\/v2\/users\/1"}],"replies":[{"embeddable":true,"href":"https:\/\/www.locoxelrojo.com\/independiente\/wp-json\/wp\/v2\/comments?post=13705"}],"version-history":[{"count":0,"href":"https:\/\/www.locoxelrojo.com\/independiente\/wp-json\/wp\/v2\/posts\/13705\/revisions"}],"wp:attachment":[{"href":"https:\/\/www.locoxelrojo.com\/independiente\/wp-json\/wp\/v2\/media?parent=13705"}],"wp:term":[{"taxonomy":"category","embeddable":true,"href":"https:\/\/www.locoxelrojo.com\/independiente\/wp-json\/wp\/v2\/categories?post=13705"},{"taxonomy":"post_tag","embeddable":true,"href":"https:\/\/www.locoxelrojo.com\/independiente\/wp-json\/wp\/v2\/tags?post=13705"}],"curies":[{"name":"wp","href":"https:\/\/api.w.org\/{rel}","templated":true}]}}