{"id":13714,"date":"2011-12-27T00:40:00","date_gmt":"2011-12-27T03:40:00","guid":{"rendered":"http:\/\/www.locoxelrojo.com.ar\/independiente\/?p=13714"},"modified":"2011-12-27T00:40:00","modified_gmt":"2011-12-27T03:40:00","slug":"novedades-en-el-libertadores-de-america","status":"publish","type":"post","link":"https:\/\/www.locoxelrojo.com\/independiente\/2011\/12\/27\/novedades-en-el-libertadores-de-america\/","title":{"rendered":"Novedades en el Libertadores de Am\u00e9rica"},"content":{"rendered":"<p><a href=\"http:\/\/www.locoxelrojo.com.ar\/independiente\/wp-content\/uploads\/2011\/12\/libertadoresdeamerica.jpg\"><img loading=\"lazy\" class=\"alignnone size-full wp-image-13715\" title=\"libertadoresdeamerica\" src=\"http:\/\/www.locoxelrojo.com.ar\/independiente\/wp-content\/uploads\/2011\/12\/libertadoresdeamerica.jpg\" alt=\"\" width=\"590\" height=\"315\" srcset=\"https:\/\/locoxelrojo.com\/independiente\/wp-content\/uploads\/2011\/12\/libertadoresdeamerica.jpg 590w, https:\/\/locoxelrojo.com\/independiente\/wp-content\/uploads\/2011\/12\/libertadoresdeamerica-300x160.jpg 300w\" sizes=\"(max-width: 590px) 100vw, 590px\" \/><\/a><\/p>\n<p><strong>Javier Cantero<\/strong> recorri\u00f3 junto a sus pares de comisi\u00f3n directiva el Estadio Libertadores de Am\u00e9rica. <strong>&#8220;Voy a hablar con Barrueco para que me comente cual era su plan para terminar el estadio en febrero&#8221;<\/strong>, dijo luego de la recorrida en<strong> Mundo Rojo por Radio La Red.<\/strong> Adem\u00e1s, agreg\u00f3: &#8220;<strong>algo que me sorpendi\u00f3 es que Independiente le alquilaba a Lanus una maquina para cortar el pasto&#8221;.<\/strong><\/p>\n<p>Otro que habl\u00f3 al respecto fue <strong>Mario Fuentes, Secretario\u00a0 Deportivo. <\/strong>El concejal por Almirante Brown estuvo en la recorrida y cont\u00f3 en <strong>El Gran Campe\u00f3n<\/strong>: &#8220;<strong>El complejo de Villa Dom\u00ednico lo encontramos en un estado preocupante&#8221;.<\/strong> La idea de <strong>Javier Cantero<\/strong> es justamente trasladar la pensi\u00f3n la estadio. <strong>&#8220;Vamos a solicitar un credito al Banco Naci\u00f3n para terminar la pensi\u00f3n en el estadio, es una necesidad muy importante&#8221;<\/strong>, anticip\u00f3.<\/p>\n<p>Por otro lado, <strong>Fuentes<\/strong> describi\u00f3 que se trata de una primera etapa. &#8220;<strong>Primero se analizar\u00e1 cual es el presupuesto para terminar la obra del estadio, hoy se hicieron los relevamientos&#8221;<\/strong>, explic\u00f3. Por \u00faltimo, dese\u00f3 que la Reserva vuelva a jugar partidos preliminares. &#8220;Q<strong>ueremos que la Reserva juege en el Estadio a la vista de todo el p\u00fablico de Independiente&#8221;<\/strong>, anhel\u00f3. <strong>Cantero<\/strong>, por su parte, dijo que el cambio de nombre en el estadio quedar\u00e1 a criterio de los hinchas. &#8220;<strong>Vamos a hacer una elecci\u00f3n para que el socio decida sobre el nombre del  estadio. No es prioritario, ser\u00e1 dentro de los tres a\u00f1os<\/strong>&#8220;, concluy\u00f3.<\/p>\n","protected":false},"excerpt":{"rendered":"<p>Javier Cantero recorri\u00f3 junto a sus pares de comisi\u00f3n directiva el Estadio Libertadores de Am\u00e9rica. &#8220;Voy a hablar con Barrueco para que me comente cual era su plan para terminar el estadio en febrero&#8221;, dijo luego de la recorrida en Mundo Rojo por Radio La Red. Adem\u00e1s, agreg\u00f3: &#8220;algo que me sorpendi\u00f3 es que Independiente [&hellip;]<\/p>\n","protected":false},"author":1,"featured_media":0,"comment_status":"open","ping_status":"open","sticky":false,"template":"","format":"standard","meta":{"_links_to":"","_links_to_target":""},"categories":[4,1],"tags":[153,247,723,1166],"_links":{"self":[{"href":"https:\/\/www.locoxelrojo.com\/independiente\/wp-json\/wp\/v2\/posts\/13714"}],"collection":[{"href":"https:\/\/www.locoxelrojo.com\/independiente\/wp-json\/wp\/v2\/posts"}],"about":[{"href":"https:\/\/www.locoxelrojo.com\/independiente\/wp-json\/wp\/v2\/types\/post"}],"author":[{"embeddable":true,"href":"https:\/\/www.locoxelrojo.com\/independiente\/wp-json\/wp\/v2\/users\/1"}],"replies":[{"embeddable":true,"href":"https:\/\/www.locoxelrojo.com\/independiente\/wp-json\/wp\/v2\/comments?post=13714"}],"version-history":[{"count":0,"href":"https:\/\/www.locoxelrojo.com\/independiente\/wp-json\/wp\/v2\/posts\/13714\/revisions"}],"wp:attachment":[{"href":"https:\/\/www.locoxelrojo.com\/independiente\/wp-json\/wp\/v2\/media?parent=13714"}],"wp:term":[{"taxonomy":"category","embeddable":true,"href":"https:\/\/www.locoxelrojo.com\/independiente\/wp-json\/wp\/v2\/categories?post=13714"},{"taxonomy":"post_tag","embeddable":true,"href":"https:\/\/www.locoxelrojo.com\/independiente\/wp-json\/wp\/v2\/tags?post=13714"}],"curies":[{"name":"wp","href":"https:\/\/api.w.org\/{rel}","templated":true}]}}