{"id":13720,"date":"2011-12-27T11:13:59","date_gmt":"2011-12-27T14:13:59","guid":{"rendered":"http:\/\/www.locoxelrojo.com.ar\/independiente\/?p=13720"},"modified":"2015-09-21T23:46:39","modified_gmt":"2015-09-22T02:46:39","slug":"magan-sacar-laterales-y-enganches","status":"publish","type":"post","link":"https:\/\/www.locoxelrojo.com\/independiente\/2011\/12\/27\/magan-sacar-laterales-y-enganches\/","title":{"rendered":"Mag\u00e1n: &#8220;Sacar laterales y enganches&#8221;"},"content":{"rendered":"<p><a href=\"http:\/\/www.locoxelrojo.com.ar\/independiente\/wp-content\/uploads\/2011\/12\/manuel_magan.jpg\"><img loading=\"lazy\" class=\"alignnone size-full wp-image-13721\" title=\"manuel_magan\" src=\"http:\/\/www.locoxelrojo.com.ar\/independiente\/wp-content\/uploads\/2011\/12\/manuel_magan.jpg\" alt=\"\" width=\"590\" height=\"315\" srcset=\"https:\/\/locoxelrojo.com\/independiente\/wp-content\/uploads\/2011\/12\/manuel_magan.jpg 590w, https:\/\/locoxelrojo.com\/independiente\/wp-content\/uploads\/2011\/12\/manuel_magan-300x160.jpg 300w\" sizes=\"(max-width: 590px) 100vw, 590px\" \/><\/a><\/p>\n<p><strong>Manuel Mag\u00e1n<\/strong> dialog\u00f3 con <strong>Mundo Rojo por Radio la Red<\/strong> y se refiri\u00f3 a lo que ser\u00e1 su nueva gesti\u00f3n a cargo de las inferiores de Independiente. &#8220;<span style=\"font-weight: bold;\">La gente de Independiente M\u00edstico nos convenci\u00f3, en las reuniones quedamos muy satisfechos&#8221;, <\/span>cont\u00f3. Y agreg\u00f3: <strong>&#8220;el objetivo es llevar jugadores al f\u00fatbol profesional&#8221;.<\/strong><\/p>\n<p>Entre los primeros objetivos estar\u00e1n: <strong>&#8220;generar muy buenas novenas&#8221; <\/strong>para<strong> &#8220;sacar laterales y enganches&#8221;. <\/strong>Para dicho trabajo, contar\u00e1 con la continuidad de Enrique Borrelli en los trabajos.\u00a0&#8220;<strong>Lo fundamental es la captaci\u00f3n, es clave el f\u00fatbol infantil, se trata de la base de la pir\u00e1mide y en eso es muy bueno&#8221;,<\/strong> elogi\u00f3.<\/p>\n<p>Respecto al v\u00ednculo que mantienen, sostuvo: <strong>&#8220;yo no traigo amigos; no se debe tener amistad con los que trabajas porque te limita a la hora de decidir continuidades&#8221;<\/strong>. Por \u00faltimo, narr\u00f3 los pasos a seguir. <strong>&#8220;Voy a ir al predio, para ver el estado de la pensi\u00f3n y los materiales de trabajo. La cuarta, quinta y sexta est\u00e1n citadas para iniciar la pretemporada el 18 de enero. El lunes 23, en tanto, est\u00e1n citadas la s\u00e9ptima, octava y novena&#8221;,<\/strong> concluy\u00f3.<\/p>\n","protected":false},"excerpt":{"rendered":"<p>Manuel Mag\u00e1n dialog\u00f3 con Mundo Rojo por Radio la Red y se refiri\u00f3 a lo que ser\u00e1 su nueva gesti\u00f3n a cargo de las inferiores de Independiente. &#8220;La gente de Independiente M\u00edstico nos convenci\u00f3, en las reuniones quedamos muy satisfechos&#8221;, cont\u00f3. Y agreg\u00f3: &#8220;el objetivo es llevar jugadores al f\u00fatbol profesional&#8221;. Entre los primeros objetivos [&hellip;]<\/p>\n","protected":false},"author":1,"featured_media":0,"comment_status":"open","ping_status":"open","sticky":false,"template":"","format":"standard","meta":{"_links_to":"","_links_to_target":""},"categories":[5,1],"tags":[153,307,102,172],"_links":{"self":[{"href":"https:\/\/www.locoxelrojo.com\/independiente\/wp-json\/wp\/v2\/posts\/13720"}],"collection":[{"href":"https:\/\/www.locoxelrojo.com\/independiente\/wp-json\/wp\/v2\/posts"}],"about":[{"href":"https:\/\/www.locoxelrojo.com\/independiente\/wp-json\/wp\/v2\/types\/post"}],"author":[{"embeddable":true,"href":"https:\/\/www.locoxelrojo.com\/independiente\/wp-json\/wp\/v2\/users\/1"}],"replies":[{"embeddable":true,"href":"https:\/\/www.locoxelrojo.com\/independiente\/wp-json\/wp\/v2\/comments?post=13720"}],"version-history":[{"count":0,"href":"https:\/\/www.locoxelrojo.com\/independiente\/wp-json\/wp\/v2\/posts\/13720\/revisions"}],"wp:attachment":[{"href":"https:\/\/www.locoxelrojo.com\/independiente\/wp-json\/wp\/v2\/media?parent=13720"}],"wp:term":[{"taxonomy":"category","embeddable":true,"href":"https:\/\/www.locoxelrojo.com\/independiente\/wp-json\/wp\/v2\/categories?post=13720"},{"taxonomy":"post_tag","embeddable":true,"href":"https:\/\/www.locoxelrojo.com\/independiente\/wp-json\/wp\/v2\/tags?post=13720"}],"curies":[{"name":"wp","href":"https:\/\/api.w.org\/{rel}","templated":true}]}}