{"id":13733,"date":"2011-12-27T16:10:20","date_gmt":"2011-12-27T18:10:20","guid":{"rendered":"http:\/\/www.locoxelrojo.com.ar\/independiente\/?p=13733"},"modified":"2011-12-27T16:10:20","modified_gmt":"2011-12-27T18:10:20","slug":"un-gordo-quemero","status":"publish","type":"post","link":"https:\/\/www.locoxelrojo.com\/independiente\/2011\/12\/27\/un-gordo-quemero\/","title":{"rendered":"Un gordo quemero"},"content":{"rendered":"<p><a href=\"http:\/\/www.locoxelrojo.com.ar\/independiente\/wp-content\/uploads\/2011\/12\/leonel_nu\u00f1ez.jpg\"><img loading=\"lazy\" class=\"alignnone size-full wp-image-13734\" title=\"leonel_nu\u00f1ez\" src=\"http:\/\/www.locoxelrojo.com.ar\/independiente\/wp-content\/uploads\/2011\/12\/leonel_nu\u00f1ez.jpg\" alt=\"\" width=\"590\" height=\"315\" srcset=\"https:\/\/locoxelrojo.com\/independiente\/wp-content\/uploads\/2011\/12\/leonel_nu\u00f1ez.jpg 590w, https:\/\/locoxelrojo.com\/independiente\/wp-content\/uploads\/2011\/12\/leonel_nu\u00f1ez-300x160.jpg 300w\" sizes=\"(max-width: 590px) 100vw, 590px\" \/><\/a><\/p>\n<p><strong>Leonel Nu\u00f1ez<\/strong> dialog\u00f3 con el programa partidario de Hurac\u00e1n <strong>Globo de mi vida<\/strong> y manifest\u00f3 sus intenciones de irse hacia Parque Patricios, club del cual confes\u00f3 ser hincha. Adem\u00e1s, destac\u00f3 que le quedan 3 a\u00f1os de contrato con Independiente y que tiene una lesi\u00f3n cr\u00f3nica en la rodilla.<\/p>\n<p><strong>&#8220;Tengo ofertas del exterior pero no tengo ganas de irme, ser\u00eda muy lindo jugar al lado de C\u00e1mpora&#8221;<\/strong>, desliz\u00f3 el delantero quien no va a ser tenido en cuenta por Ram\u00f3n D\u00edaz. Luego, a\u00f1adi\u00f3: &#8220;<strong>ser\u00eda muy lindo jugar ah\u00ed, es algo que me falta por cumplir y ojal\u00e1 lo pueda hacer dentro de poco. Yo soy hincha, espero que se pueda dar&#8221;.<\/strong><\/p>\n<p>Por otro lado, admiti\u00f3 tener problemas en sus meniscos. <strong>&#8220;Tengo una lesi\u00f3n desde hace a\u00f1os, pero no me molest\u00f3 jam\u00e1s para jugar&#8221;<\/strong>, confi\u00f3 quien adem\u00e1s destac\u00f3 la relaci\u00f3n con Mariano Juan quien form\u00f3 parte del cuerpo t\u00e9cnico de Antonio Mohamed en Independiente. <strong>&#8220;Estuve hablando, nos tenemos que reunir en estos d\u00edas. Los not\u00e9 muy interesados y con ganas de contar conmigo<\/strong>&#8220;, cerr\u00f3.<\/p>\n","protected":false},"excerpt":{"rendered":"<p>Leonel Nu\u00f1ez dialog\u00f3 con el programa partidario de Hurac\u00e1n Globo de mi vida y manifest\u00f3 sus intenciones de irse hacia Parque Patricios, club del cual confes\u00f3 ser hincha. Adem\u00e1s, destac\u00f3 que le quedan 3 a\u00f1os de contrato con Independiente y que tiene una lesi\u00f3n cr\u00f3nica en la rodilla. &#8220;Tengo ofertas del exterior pero no tengo [&hellip;]<\/p>\n","protected":false},"author":1,"featured_media":0,"comment_status":"open","ping_status":"open","sticky":false,"template":"","format":"standard","meta":{"_links_to":"","_links_to_target":""},"categories":[1],"tags":[153,310,87,462],"_links":{"self":[{"href":"https:\/\/www.locoxelrojo.com\/independiente\/wp-json\/wp\/v2\/posts\/13733"}],"collection":[{"href":"https:\/\/www.locoxelrojo.com\/independiente\/wp-json\/wp\/v2\/posts"}],"about":[{"href":"https:\/\/www.locoxelrojo.com\/independiente\/wp-json\/wp\/v2\/types\/post"}],"author":[{"embeddable":true,"href":"https:\/\/www.locoxelrojo.com\/independiente\/wp-json\/wp\/v2\/users\/1"}],"replies":[{"embeddable":true,"href":"https:\/\/www.locoxelrojo.com\/independiente\/wp-json\/wp\/v2\/comments?post=13733"}],"version-history":[{"count":0,"href":"https:\/\/www.locoxelrojo.com\/independiente\/wp-json\/wp\/v2\/posts\/13733\/revisions"}],"wp:attachment":[{"href":"https:\/\/www.locoxelrojo.com\/independiente\/wp-json\/wp\/v2\/media?parent=13733"}],"wp:term":[{"taxonomy":"category","embeddable":true,"href":"https:\/\/www.locoxelrojo.com\/independiente\/wp-json\/wp\/v2\/categories?post=13733"},{"taxonomy":"post_tag","embeddable":true,"href":"https:\/\/www.locoxelrojo.com\/independiente\/wp-json\/wp\/v2\/tags?post=13733"}],"curies":[{"name":"wp","href":"https:\/\/api.w.org\/{rel}","templated":true}]}}