{"id":13736,"date":"2011-12-28T14:37:28","date_gmt":"2011-12-28T17:37:28","guid":{"rendered":"http:\/\/www.locoxelrojo.com.ar\/independiente\/?p=13736"},"modified":"2015-09-21T23:49:26","modified_gmt":"2015-09-22T02:49:26","slug":"cantero-vs-alvarez","status":"publish","type":"post","link":"https:\/\/www.locoxelrojo.com\/independiente\/2011\/12\/28\/cantero-vs-alvarez\/","title":{"rendered":"Cantero vs. \u00c1lvarez"},"content":{"rendered":"<p><a href=\"http:\/\/www.locoxelrojo.com.ar\/independiente\/wp-content\/uploads\/2011\/12\/cantero-bebote.jpg\"><img loading=\"lazy\" class=\"alignnone size-full wp-image-13737\" title=\"cantero-bebote\" src=\"http:\/\/www.locoxelrojo.com.ar\/independiente\/wp-content\/uploads\/2011\/12\/cantero-bebote.jpg\" alt=\"\" width=\"590\" height=\"315\" srcset=\"https:\/\/locoxelrojo.com\/independiente\/wp-content\/uploads\/2011\/12\/cantero-bebote.jpg 590w, https:\/\/locoxelrojo.com\/independiente\/wp-content\/uploads\/2011\/12\/cantero-bebote-300x160.jpg 300w\" sizes=\"(max-width: 590px) 100vw, 590px\" \/><\/a><\/p>\n<p>El Presidente de Independiente Javier Cantero reconoci\u00f3 ayer, que d\u00edas atr\u00e1s, tuvo una reuni\u00f3n con Pablo Bebote \u00c1lvarez, quien hasta hace pocos d\u00edas era l\u00edder de La Barra del Rojo, en el programa radial <strong>&#8220;Los m\u00e1s grandes&#8221; que se emite por Radio Cooperativa<\/strong>. En el d\u00eda de hoy volvi\u00f3 a mencionar el tema en <strong>&#8220;Un campe\u00f3n desparejo&#8221; por AM750<\/strong> y manifest\u00f3 que la charla no fue en tono de amenaza.<\/p>\n<p><strong>\u201cCuando fui a reunirme con Comparada, me estaba esperando en la puerta. Hablamos y le dije que el Club est\u00e1 fundido y no hay un peso para nadie\u201d<\/strong>, describi\u00f3 Cantero, quien agreg\u00f3 que <strong>\u201cLe dije que no se le iba a regalar m\u00e1s entradas, que si quer\u00eda seguir yendo a la cancha como socio, pod\u00eda hacerlo, pero sin prerrogativas y creo que mucho no le gust\u00f3\u201d<\/strong>.<\/p>\n<p>En la nota tambi\u00e9n asegur\u00f3 que \u00e9l, junto a sus Vices (Rub\u00e9n V\u00e1zquez y Claudio Keblaitis) se van hacer cargo de La Barra:<strong> \u201cHemos decidido hacerlo nosotros, para no comprometer a ning\u00fan otro miembro de la comisi\u00f3n. Desde la campa\u00f1a sabemos que el cargo trae estas cosas, pero yo antes que tenerle miedo a estos 200 tipos, le tengo m\u00e1s miedo a los 58.000 socios que tiene Independiente&#8221;<\/strong>.<\/p>\n<p>En la ma\u00f1ana de hoy, Canter\u00f3 pas\u00f3 por el programa <strong>&#8220;Un campe\u00f3n desparejo&#8221; en AM750<\/strong> y dijo que la reuni\u00f3n con el ex l\u00edder de La Barra <strong>&#8220;no fue en tono de amenza&#8221;<\/strong> y que Bebote<strong> &#8220;me present\u00f3 su renuncia como jefe de La Barra y le dije que eso no es un cargo&#8221;<\/strong>.<\/p>\n<p>Sin embargo, Bebote \u00c1lvarez, la otra campana del problema, sigue mandando mensajes desde su cuenta de Facebook ya recuperada. En la misma le pide al Presidente que <strong>&#8220;le cuente al hincha toda la verdad de la reuni\u00f3n&#8221;<\/strong> y dej\u00f3 entrever que no hubo solamente una reuni\u00f3n, habla de otra reuni\u00f3n el d\u00eda jueves. <strong>Adem\u00e1s, reafirma que ya no pertenece m\u00e1s a La Barra de Independiente.<\/strong><\/p>\n<p><strong>&#8220;Estoy esperando que demuestre su honestidad el nuevo Presidente y ojal\u00e1 les cuente a todos los Socios e Hinchas la conversaci\u00f3n que tuvimos el d\u00eda jueves en la Sede, en la Presidencia, por mas 1.30hs, donde le detalle que era La barra y que no es m\u00eda, es la barra del Club y \u00e9l tendr\u00e1 que manejarla de la mejor manera que quiera. Que les cuente tambi\u00e9n cuanto cobro por la semanal de La Barra desde el a\u00f1o 2008, cuando volv\u00ed despu\u00e9s de dejarla por la causa Acro. Tambi\u00e9n le dije que Comparada le entreg\u00f3 un club devastado y yo le entrego La Barra en un excelente estado, con una l\u00ednea de trabajo, que ojala la puedan seguir. Prometi\u00f3 ser honesto y trasparente, estoy esperando que blanquee a toda la sociedad lo que es un Barra&#8221;<\/strong>, desafi\u00f3 Bebote.<\/p>\n<p><strong>&#8220;Me voy de La Barra para ser un hincha genuino y poder putear a quien sea, con todos los derechos, como hincha que soy&#8221;<\/strong>, a\u00f1adi\u00f3. Seguramente seguiran los cruces y <strong>&#8220;Cantero Vs \u00c1lvarez&#8221;<\/strong> ser\u00e1 la novela del verano, en el rating, sin dudas pierde Independiente.<\/p>\n","protected":false},"excerpt":{"rendered":"<p>El Presidente de Independiente Javier Cantero reconoci\u00f3 ayer, que d\u00edas atr\u00e1s, tuvo una reuni\u00f3n con Pablo Bebote \u00c1lvarez, quien hasta hace pocos d\u00edas era l\u00edder de La Barra del Rojo, en el programa radial &#8220;Los m\u00e1s grandes&#8221; que se emite por Radio Cooperativa. En el d\u00eda de hoy volvi\u00f3 a mencionar el tema en &#8220;Un [&hellip;]<\/p>\n","protected":false},"author":1,"featured_media":0,"comment_status":"open","ping_status":"open","sticky":false,"template":"","format":"standard","meta":{"_links_to":"","_links_to_target":""},"categories":[4,1],"tags":[153,723,196,1088],"_links":{"self":[{"href":"https:\/\/www.locoxelrojo.com\/independiente\/wp-json\/wp\/v2\/posts\/13736"}],"collection":[{"href":"https:\/\/www.locoxelrojo.com\/independiente\/wp-json\/wp\/v2\/posts"}],"about":[{"href":"https:\/\/www.locoxelrojo.com\/independiente\/wp-json\/wp\/v2\/types\/post"}],"author":[{"embeddable":true,"href":"https:\/\/www.locoxelrojo.com\/independiente\/wp-json\/wp\/v2\/users\/1"}],"replies":[{"embeddable":true,"href":"https:\/\/www.locoxelrojo.com\/independiente\/wp-json\/wp\/v2\/comments?post=13736"}],"version-history":[{"count":0,"href":"https:\/\/www.locoxelrojo.com\/independiente\/wp-json\/wp\/v2\/posts\/13736\/revisions"}],"wp:attachment":[{"href":"https:\/\/www.locoxelrojo.com\/independiente\/wp-json\/wp\/v2\/media?parent=13736"}],"wp:term":[{"taxonomy":"category","embeddable":true,"href":"https:\/\/www.locoxelrojo.com\/independiente\/wp-json\/wp\/v2\/categories?post=13736"},{"taxonomy":"post_tag","embeddable":true,"href":"https:\/\/www.locoxelrojo.com\/independiente\/wp-json\/wp\/v2\/tags?post=13736"}],"curies":[{"name":"wp","href":"https:\/\/api.w.org\/{rel}","templated":true}]}}