{"id":13793,"date":"2011-12-31T09:49:56","date_gmt":"2011-12-31T11:49:56","guid":{"rendered":"http:\/\/www.locoxelrojo.com.ar\/independiente\/?p=13793"},"modified":"2011-12-31T09:49:56","modified_gmt":"2011-12-31T11:49:56","slug":"gabbarini-apuntado-por-el-catania","status":"publish","type":"post","link":"https:\/\/www.locoxelrojo.com\/independiente\/2011\/12\/31\/gabbarini-apuntado-por-el-catania\/","title":{"rendered":"Gabbarini, apuntado por el Catania"},"content":{"rendered":"<p><a href=\"http:\/\/www.locoxelrojo.com.ar\/independiente\/wp-content\/uploads\/2011\/12\/gabbarini.jpg\"><img loading=\"lazy\" class=\"alignnone size-full wp-image-13795\" title=\"gabbarini\" src=\"http:\/\/www.locoxelrojo.com.ar\/independiente\/wp-content\/uploads\/2011\/12\/gabbarini.jpg\" alt=\"\" width=\"590\" height=\"315\" srcset=\"https:\/\/locoxelrojo.com\/independiente\/wp-content\/uploads\/2011\/12\/gabbarini.jpg 590w, https:\/\/locoxelrojo.com\/independiente\/wp-content\/uploads\/2011\/12\/gabbarini-300x160.jpg 300w\" sizes=\"(max-width: 590px) 100vw, 590px\" \/><\/a><\/p>\n<p>En las \u00faltimas horas, <strong>la instituci\u00f3n del sur italiano rescindi\u00f3 el contrato de Mariano Andujar por mala conducta y el arquero de Independiente es prioridad en la lista de Pietro Lo Monaco, director del Catania.<\/strong> Seg\u00fan informa el sitio <strong>Calcio News<\/strong>, &#8220;es uno de los apuntados para llenar el vac\u00edo&#8221;.<\/p>\n<p><strong>El representante del jugador, Gustavo\u00a0Go\u00f1i, admiti\u00f3 que ya hubo un contacto el \u00faltimo jueves<\/strong>. &#8220;No he hablado\u00a0directamente con el Director\u00a0Lo Monaco,\u00a0pero el jueves\u00a0fui contactado por\u00a0emisarios de\u00a0Catania, que han sondeado al jugador para conocer su situaci\u00f3n&#8221;, explic\u00f3. Luego, a\u00f1adi\u00f3: &#8220;es uno de\u00a0los mejores arqueros de Am\u00e9rica del Sur y merece jugar en un club europeo. <strong>Si la oferta\u00a0lo beneficia a \u00e9l y a la instituci\u00f3n,\u00a0no habr\u00e1\u00a0problemas en el traspaso<\/strong>&#8220;.<\/p>\n<p style=\"text-align: justify;\"><strong>Spazio Calcio<\/strong>, por su parte, agrega: &#8220;<strong>Lo Monaco\u00a0ya se ha puesto\u00a0a trabajar tras la no inscripci\u00f3n de And\u00fajar en la pretemporada para reforzar el arco.\u00a0En\u00a0la vista est\u00e1 Jos\u00e9 Adri\u00e1n\u00a0Gabbarini, de Independiente y con 24 a\u00f1os\u00a0de edad. <\/strong>En el bloc de notas tambi\u00e9n figura el nombre de Nicol\u00e1s\u00a0Leal,\u00a0portero del\u00a0Brescia a quien tambi\u00e9n busca la Juventus&#8221;.<\/p>\n","protected":false},"excerpt":{"rendered":"<p>En las \u00faltimas horas, la instituci\u00f3n del sur italiano rescindi\u00f3 el contrato de Mariano Andujar por mala conducta y el arquero de Independiente es prioridad en la lista de Pietro Lo Monaco, director del Catania. Seg\u00fan informa el sitio Calcio News, &#8220;es uno de los apuntados para llenar el vac\u00edo&#8221;. El representante del jugador, Gustavo\u00a0Go\u00f1i, [&hellip;]<\/p>\n","protected":false},"author":1,"featured_media":0,"comment_status":"open","ping_status":"open","sticky":false,"template":"","format":"standard","meta":{"_links_to":"","_links_to_target":""},"categories":[3,1],"tags":[77,449,153,1191,173,1190],"_links":{"self":[{"href":"https:\/\/www.locoxelrojo.com\/independiente\/wp-json\/wp\/v2\/posts\/13793"}],"collection":[{"href":"https:\/\/www.locoxelrojo.com\/independiente\/wp-json\/wp\/v2\/posts"}],"about":[{"href":"https:\/\/www.locoxelrojo.com\/independiente\/wp-json\/wp\/v2\/types\/post"}],"author":[{"embeddable":true,"href":"https:\/\/www.locoxelrojo.com\/independiente\/wp-json\/wp\/v2\/users\/1"}],"replies":[{"embeddable":true,"href":"https:\/\/www.locoxelrojo.com\/independiente\/wp-json\/wp\/v2\/comments?post=13793"}],"version-history":[{"count":0,"href":"https:\/\/www.locoxelrojo.com\/independiente\/wp-json\/wp\/v2\/posts\/13793\/revisions"}],"wp:attachment":[{"href":"https:\/\/www.locoxelrojo.com\/independiente\/wp-json\/wp\/v2\/media?parent=13793"}],"wp:term":[{"taxonomy":"category","embeddable":true,"href":"https:\/\/www.locoxelrojo.com\/independiente\/wp-json\/wp\/v2\/categories?post=13793"},{"taxonomy":"post_tag","embeddable":true,"href":"https:\/\/www.locoxelrojo.com\/independiente\/wp-json\/wp\/v2\/tags?post=13793"}],"curies":[{"name":"wp","href":"https:\/\/api.w.org\/{rel}","templated":true}]}}