{"id":13819,"date":"2011-12-31T12:30:01","date_gmt":"2011-12-31T15:30:01","guid":{"rendered":"http:\/\/www.locoxelrojo.com.ar\/independiente\/?p=13819"},"modified":"2011-12-31T12:30:21","modified_gmt":"2011-12-31T15:30:21","slug":"cantero-comparada-fue-el-peor-presidente-de-la-historia","status":"publish","type":"post","link":"https:\/\/www.locoxelrojo.com\/independiente\/2011\/12\/31\/cantero-comparada-fue-el-peor-presidente-de-la-historia\/","title":{"rendered":"Cantero: &#8220;Comparada fue el peor presidente de la historia&#8221;"},"content":{"rendered":"<p><a href=\"http:\/\/www.locoxelrojo.com.ar\/independiente\/wp-content\/uploads\/2011\/12\/javier_Cantero2.jpg\"><img loading=\"lazy\" src=\"http:\/\/www.locoxelrojo.com.ar\/independiente\/wp-content\/uploads\/2011\/12\/javier_Cantero2.jpg\" alt=\"\" title=\"javier_Cantero\" width=\"590\" height=\"315\" class=\"alignnone size-full wp-image-13820\" srcset=\"https:\/\/locoxelrojo.com\/independiente\/wp-content\/uploads\/2011\/12\/javier_Cantero2.jpg 590w, https:\/\/locoxelrojo.com\/independiente\/wp-content\/uploads\/2011\/12\/javier_Cantero2-300x160.jpg 300w\" sizes=\"(max-width: 590px) 100vw, 590px\" \/><\/a><\/p>\n<p>Javier Cantero dialog\u00f3 con Dos de Punta y se refiri\u00f3 al ex presidente. Desde su punto de vista, &#8220;fue la peor gesti\u00f3n de la historia desde que tengo uso de raz\u00f3n&#8221;. \u00a0El dirigente entrante habl\u00f3 adem\u00e1s de los refuerzos y dijo que si Ram\u00edrez no es transferible buscar\u00e1n otra alternativa. Destac\u00f3 a Obolo y dijo que van a &#8220;hacer el esfuerzo&#8221; para traer el nueve reclamado por Ram\u00f3n D\u00edaz.<\/p>\n<p>&#8220;Mi deseo para el 2012 es que a fin de a\u00f1o el club est\u00e9 ordenado y con la deuda manejable, siendo protagonistas&#8221;, confi\u00f3. Para esto es necesario mantener un equipo competitivo. &#8220;Nos vendr\u00eda b\u00e1rbaro vender pero habl\u00e9 con Ram\u00f3n no vender jugadores en este semestre&#8221;, asegur\u00f3.<\/p>\n<p>Por otro lado, se refiri\u00f3 a las deudas reclamadas por Menotti y Gallego. &#8220;Menotti reclama deuda de cuando fue t\u00e9cnico en el 2006, pasaron 5 a\u00f1os y es l\u00f3gico que quiera cobrar. Lo l\u00f3gico es que quiera cobrar pero no que no lo haya hecho antes y lo haga en 6 d\u00edas de nuestra gesti\u00f3n&#8221;, comenz\u00f3. Y sigui\u00f3: &#8220;estuve hablando con la AFA, llegaremos a un acuerdo con Daniel Crespo, su abogado. No impide prestar jugadores&#8221;.<\/p>\n<p>Respecto a Gallego, &#8220;hab\u00edamos negociado los cheques rechazados con Curti, su representante y al otro d\u00eda, tras habernos dicho que nos quer\u00eda conocer, present\u00f3 los present\u00f3 todos&#8221;, critic\u00f3. En este aspecto destac\u00f3 a Mohamed con quien pudieron dialogar y negociar. De todas formas, se mostr\u00f3 conforme por haber podido pagar los aguinaldos de los empleados. &#8220;Queremos que el plantel tenga al d\u00eda las primas que restan antes de que comience la pretemporada&#8221;, concluy\u00f3.<\/p>\n","protected":false},"excerpt":{"rendered":"<p>Javier Cantero dialog\u00f3 con Dos de Punta y se refiri\u00f3 al ex presidente. Desde su punto de vista, &#8220;fue la peor gesti\u00f3n de la historia desde que tengo uso de raz\u00f3n&#8221;. \u00a0El dirigente entrante habl\u00f3 adem\u00e1s de los refuerzos y dijo que si Ram\u00edrez no es transferible buscar\u00e1n otra alternativa. Destac\u00f3 a Obolo y dijo [&hellip;]<\/p>\n","protected":false},"author":1,"featured_media":0,"comment_status":"open","ping_status":"open","sticky":false,"template":"","format":"standard","meta":{"_links_to":"","_links_to_target":""},"categories":[3,4,1],"tags":[153,173,723,33,500],"_links":{"self":[{"href":"https:\/\/www.locoxelrojo.com\/independiente\/wp-json\/wp\/v2\/posts\/13819"}],"collection":[{"href":"https:\/\/www.locoxelrojo.com\/independiente\/wp-json\/wp\/v2\/posts"}],"about":[{"href":"https:\/\/www.locoxelrojo.com\/independiente\/wp-json\/wp\/v2\/types\/post"}],"author":[{"embeddable":true,"href":"https:\/\/www.locoxelrojo.com\/independiente\/wp-json\/wp\/v2\/users\/1"}],"replies":[{"embeddable":true,"href":"https:\/\/www.locoxelrojo.com\/independiente\/wp-json\/wp\/v2\/comments?post=13819"}],"version-history":[{"count":0,"href":"https:\/\/www.locoxelrojo.com\/independiente\/wp-json\/wp\/v2\/posts\/13819\/revisions"}],"wp:attachment":[{"href":"https:\/\/www.locoxelrojo.com\/independiente\/wp-json\/wp\/v2\/media?parent=13819"}],"wp:term":[{"taxonomy":"category","embeddable":true,"href":"https:\/\/www.locoxelrojo.com\/independiente\/wp-json\/wp\/v2\/categories?post=13819"},{"taxonomy":"post_tag","embeddable":true,"href":"https:\/\/www.locoxelrojo.com\/independiente\/wp-json\/wp\/v2\/tags?post=13819"}],"curies":[{"name":"wp","href":"https:\/\/api.w.org\/{rel}","templated":true}]}}