{"id":13825,"date":"2012-01-02T13:14:25","date_gmt":"2012-01-02T15:14:25","guid":{"rendered":"http:\/\/www.locoxelrojo.com.ar\/independiente\/?p=13825"},"modified":"2014-01-19T18:08:48","modified_gmt":"2014-01-19T21:08:48","slug":"pires-lo-de-ramirez-puede-ser","status":"publish","type":"post","link":"https:\/\/www.locoxelrojo.com\/independiente\/2012\/01\/02\/pires-lo-de-ramirez-puede-ser\/","title":{"rendered":"Pires: &#8220;Lo de Ram\u00edrez puede ser&#8221;"},"content":{"rendered":"<p><a href=\"http:\/\/www.locoxelrojo.com.ar\/independiente\/wp-content\/uploads\/2012\/01\/titoramirez.jpg\"><img loading=\"lazy\" class=\"alignnone size-full wp-image-13839\" title=\"titoramirez\" src=\"http:\/\/www.locoxelrojo.com.ar\/independiente\/wp-content\/uploads\/2012\/01\/titoramirez.jpg\" alt=\"\" width=\"590\" height=\"315\" srcset=\"https:\/\/locoxelrojo.com\/independiente\/wp-content\/uploads\/2012\/01\/titoramirez.jpg 590w, https:\/\/locoxelrojo.com\/independiente\/wp-content\/uploads\/2012\/01\/titoramirez-300x160.jpg 300w\" sizes=\"(max-width: 590px) 100vw, 590px\" \/><\/a><\/p>\n<p><strong>El representante de Rub\u00e9n &#8220;Tito&#8221; Ram\u00edrez, Miguel Pires se refiri\u00f3 a la posible llegada del jugador a Independiente v\u00eda Twitter. &#8220;Tito Ram\u00edrez puede ir al Rojo? Mmmmmm&#8230; puede ser&#8221;<\/strong>, fueron sus dichos en las \u00faltimas horas del 2011. Previamente, Javier Cantero hab\u00eda declarado que Ram\u00f3n D\u00edaz busca un 9 de \u00e1rea y Dayro Moreno es un jugador batallador.<\/p>\n<p><strong>&#8220;Yo tengo parte del pase&#8221;,<\/strong> agreg\u00f3 en la red social Pirez quien<strong> posee el 60% de la ficha a pesar de que Godoy Cruz tiene el 100% de los derechos federativos. <\/strong>El Rojo busca hacerse del jugador con aportes de un grupo empresario.<\/p>\n<p>Sin embargo, Godoy Cruz que empez\u00f3 hoy la pretemporada pretende seguir contando con el jugador de cara a la Copa Libertadores. <strong>&#8220;Se lo hemos hecho saber al representante del jugador. No le podemos prohibir hablar a nadie con nadie. El no empez\u00f3 bien con nosotros. Aceptamos las reglas de juego y el \u00e1rbol dio sus frutos. Estos seis meses tenemos un desaf\u00edo deportivo importante y queremos contar con \u00e9l&#8221;, declar\u00f3 el \u00faltimo s\u00e1bado a Dos de Punta el presidente bodeguero, Mario Contreras.<\/strong><\/p>\n","protected":false},"excerpt":{"rendered":"<p>El representante de Rub\u00e9n &#8220;Tito&#8221; Ram\u00edrez, Miguel Pires se refiri\u00f3 a la posible llegada del jugador a Independiente v\u00eda Twitter. &#8220;Tito Ram\u00edrez puede ir al Rojo? Mmmmmm&#8230; puede ser&#8221;, fueron sus dichos en las \u00faltimas horas del 2011. Previamente, Javier Cantero hab\u00eda declarado que Ram\u00f3n D\u00edaz busca un 9 de \u00e1rea y Dayro Moreno es [&hellip;]<\/p>\n","protected":false},"author":1,"featured_media":0,"comment_status":"open","ping_status":"open","sticky":false,"template":"","format":"standard","meta":{"_links_to":"","_links_to_target":""},"categories":[3,1],"tags":[153,723,1195,1212,500,1080],"_links":{"self":[{"href":"https:\/\/www.locoxelrojo.com\/independiente\/wp-json\/wp\/v2\/posts\/13825"}],"collection":[{"href":"https:\/\/www.locoxelrojo.com\/independiente\/wp-json\/wp\/v2\/posts"}],"about":[{"href":"https:\/\/www.locoxelrojo.com\/independiente\/wp-json\/wp\/v2\/types\/post"}],"author":[{"embeddable":true,"href":"https:\/\/www.locoxelrojo.com\/independiente\/wp-json\/wp\/v2\/users\/1"}],"replies":[{"embeddable":true,"href":"https:\/\/www.locoxelrojo.com\/independiente\/wp-json\/wp\/v2\/comments?post=13825"}],"version-history":[{"count":0,"href":"https:\/\/www.locoxelrojo.com\/independiente\/wp-json\/wp\/v2\/posts\/13825\/revisions"}],"wp:attachment":[{"href":"https:\/\/www.locoxelrojo.com\/independiente\/wp-json\/wp\/v2\/media?parent=13825"}],"wp:term":[{"taxonomy":"category","embeddable":true,"href":"https:\/\/www.locoxelrojo.com\/independiente\/wp-json\/wp\/v2\/categories?post=13825"},{"taxonomy":"post_tag","embeddable":true,"href":"https:\/\/www.locoxelrojo.com\/independiente\/wp-json\/wp\/v2\/tags?post=13825"}],"curies":[{"name":"wp","href":"https:\/\/api.w.org\/{rel}","templated":true}]}}