{"id":1385,"date":"2010-08-01T05:04:20","date_gmt":"2010-08-01T08:04:20","guid":{"rendered":"http:\/\/www.locoxelrojo.com.ar\/independiente\/?p=1385"},"modified":"2010-09-26T05:44:10","modified_gmt":"2010-09-26T08:44:10","slug":"doble-visera","status":"publish","type":"post","link":"https:\/\/www.locoxelrojo.com\/independiente\/2010\/08\/01\/doble-visera\/","title":{"rendered":"Doble Visera"},"content":{"rendered":"<p>Despu\u00e9s de un hecho tan importante como lo es la fundaci\u00f3n del club, se necesitaba contar con un lugar donde el equipo pueda jugar sus partidos de local. Por decisi\u00f3n de la Comisi\u00f3n Directiva se determin\u00f3 que los dirigentes deb\u00edan abonar el doble de la cuota que pagan los socios y de esa manera pudieron alquilar un terreno situado en Gaona y Bella Vista (actualmente Donato \u00c1lvarez, donde se encuentra ubicada la Plaza Irlanda).<\/p>\n<p>A finales de 1905 lleg\u00f3 la primera mudanza a la calle Boyac\u00e1, en el barrio de la Paternal, y al poco tiempo a unos terrenos que se encontraban en la Avenida San Mart\u00edn.<\/p>\n<p><a href=\"http:\/\/www.locoxelrojo.com.ar\/independiente\/wp-content\/uploads\/2010\/09\/dv1.jpg\"><img loading=\"lazy\" class=\"alignnone size-full wp-image-1386\" title=\"dv1\" src=\"http:\/\/www.locoxelrojo.com.ar\/independiente\/wp-content\/uploads\/2010\/09\/dv1.jpg\" alt=\"\" width=\"550\" height=\"315\" srcset=\"https:\/\/locoxelrojo.com\/independiente\/wp-content\/uploads\/2010\/09\/dv1.jpg 550w, https:\/\/locoxelrojo.com\/independiente\/wp-content\/uploads\/2010\/09\/dv1-300x171.jpg 300w\" sizes=\"(max-width: 550px) 100vw, 550px\" \/><\/a><\/p>\n<p>En 1906, la Escuela del Oeste les alquil\u00f3 un terreno en Alvear y Tagle, pero cuando se iniciaron los tr\u00e1mites para afiliarse a The Argentine Football Association comenzaron los problemas, ya que una de las exigencias era contar con un campo de juego con c\u00e9sped, del cual dicho terreno carec\u00eda.<\/p>\n<p>As\u00ed fue como a fin de a\u00f1o alquilaron otro terreno en la Calle  Manuel Ocantos al 600, en el barrio de Avellaneda.<\/p>\n<p>Pasaron los a\u00f1os y ya en 1910 lleg\u00f3 el momento de otra mudanza, esta vez a La Crucecita, tambi\u00e9n en el partido de Avellaneda. El motivo principal fue la gran cantidad de gente que segu\u00eda al club, por lo que la cancha en Manuel Ocantos empez\u00f3 a quedar chica. La inauguraci\u00f3n fue contra Bristol de Montevideo, en lo que fue el primer partido internacional del club, que termin\u00f3 0-0.<\/p>\n<p>Un incendio en 1924 destruy\u00f3 esa cancha y el 6 de Noviembre de 1925 se aprob\u00f3 la compra del terreno para construir el nuevo estadio en Alsina y Cordero (Hoy R.E.Bochini).<\/p>\n<p>Finalmente lleg\u00f3 el 4 de Marzo de 1928, d\u00eda en que el club inaugur\u00f3 el que fue el primer estadio de cemento de Sudam\u00e9rica, en un empate 2-2 contra Pe\u00f1arol de Montevideo.<\/p>\n<p>Si bien nunca m\u00e1s se volvi\u00f3 a cambiar de escenario, el estadio tuvo varias modificaciones. En 1932 se cambi\u00f3 la forma en la que estaba ubicado el campo de juego, ya que por esos a\u00f1os se encontraba al rev\u00e9s que como est\u00e1 hoy en d\u00eda. En 1960 se extendi\u00f3 la visera de la tribuna oeste, adem\u00e1s de plateas, el foso de seguridad y el riego autom\u00e1tico del campo.<\/p>\n<p>El estreno de las remodelaciones qued\u00f3 un tanto opacado ya que ese 20 de agosto de 1961, en el cl\u00e1sico contra Racing, Independiente gan\u00f3 por 4 a 0 en lo que fue la vuelta a casa. De ah\u00ed en m\u00e1s el estadio pas\u00f3 a ser conocido como \u201cLa Doble Visera de Cemento\u201d, apodo que perdur\u00f3 con el tiempo.<\/p>\n<p><a href=\"http:\/\/www.locoxelrojo.com.ar\/independiente\/wp-content\/uploads\/2010\/09\/dv2.jpg\"><img loading=\"lazy\" class=\"alignnone size-full wp-image-1387\" title=\"dv2\" src=\"http:\/\/www.locoxelrojo.com.ar\/independiente\/wp-content\/uploads\/2010\/09\/dv2.jpg\" alt=\"\" width=\"550\" height=\"315\" srcset=\"https:\/\/locoxelrojo.com\/independiente\/wp-content\/uploads\/2010\/09\/dv2.jpg 550w, https:\/\/locoxelrojo.com\/independiente\/wp-content\/uploads\/2010\/09\/dv2-300x171.jpg 300w\" sizes=\"(max-width: 550px) 100vw, 550px\" \/><\/a><\/p>\n<p>El \u00faltimo cambio significativo fue a fines de la d\u00e9cada del 60, cuando se construy\u00f3 la bandeja Cordero que en un principio se usaba como popular, pero despu\u00e9s se convirti\u00f3 en platea.<\/p>\n<p>Luego de una encuesta realizada por la p\u00e1gina oficial del club, el 10 de Octubre de 2005, el estadio pas\u00f3 a llamarse de manera oficial \u201cLibertadores de Am\u00e9rica\u201d.<\/p>\n","protected":false},"excerpt":{"rendered":"<p>Despu\u00e9s de un hecho tan importante como lo es la fundaci\u00f3n del club, se necesitaba contar con un lugar donde el equipo pueda jugar sus partidos de local. Por decisi\u00f3n de la Comisi\u00f3n Directiva se determin\u00f3 que los dirigentes deb\u00edan abonar el doble de la cuota que pagan los socios y de esa manera pudieron [&hellip;]<\/p>\n","protected":false},"author":1,"featured_media":0,"comment_status":"closed","ping_status":"closed","sticky":false,"template":"","format":"standard","meta":{"_links_to":"","_links_to_target":""},"categories":[1],"tags":[],"_links":{"self":[{"href":"https:\/\/www.locoxelrojo.com\/independiente\/wp-json\/wp\/v2\/posts\/1385"}],"collection":[{"href":"https:\/\/www.locoxelrojo.com\/independiente\/wp-json\/wp\/v2\/posts"}],"about":[{"href":"https:\/\/www.locoxelrojo.com\/independiente\/wp-json\/wp\/v2\/types\/post"}],"author":[{"embeddable":true,"href":"https:\/\/www.locoxelrojo.com\/independiente\/wp-json\/wp\/v2\/users\/1"}],"replies":[{"embeddable":true,"href":"https:\/\/www.locoxelrojo.com\/independiente\/wp-json\/wp\/v2\/comments?post=1385"}],"version-history":[{"count":0,"href":"https:\/\/www.locoxelrojo.com\/independiente\/wp-json\/wp\/v2\/posts\/1385\/revisions"}],"wp:attachment":[{"href":"https:\/\/www.locoxelrojo.com\/independiente\/wp-json\/wp\/v2\/media?parent=1385"}],"wp:term":[{"taxonomy":"category","embeddable":true,"href":"https:\/\/www.locoxelrojo.com\/independiente\/wp-json\/wp\/v2\/categories?post=1385"},{"taxonomy":"post_tag","embeddable":true,"href":"https:\/\/www.locoxelrojo.com\/independiente\/wp-json\/wp\/v2\/tags?post=1385"}],"curies":[{"name":"wp","href":"https:\/\/api.w.org\/{rel}","templated":true}]}}