{"id":13853,"date":"2012-01-02T19:21:11","date_gmt":"2012-01-02T22:21:11","guid":{"rendered":"http:\/\/www.locoxelrojo.com.ar\/independiente\/?p=13853"},"modified":"2014-01-19T18:08:23","modified_gmt":"2014-01-19T21:08:23","slug":"contreras-por-ramirez-no-hubo-un-pedido-oficial","status":"publish","type":"post","link":"https:\/\/www.locoxelrojo.com\/independiente\/2012\/01\/02\/contreras-por-ramirez-no-hubo-un-pedido-oficial\/","title":{"rendered":"Contreras: &#8220;Por Ram\u00edrez no hubo un pedido oficial&#8221;"},"content":{"rendered":"<p><a href=\"http:\/\/www.locoxelrojo.com.ar\/independiente\/wp-content\/uploads\/2012\/01\/contreras.jpg\"><img loading=\"lazy\" class=\"alignnone size-full wp-image-13854\" title=\"contreras\" src=\"http:\/\/www.locoxelrojo.com.ar\/independiente\/wp-content\/uploads\/2012\/01\/contreras.jpg\" alt=\"\" width=\"590\" height=\"315\" srcset=\"https:\/\/locoxelrojo.com\/independiente\/wp-content\/uploads\/2012\/01\/contreras.jpg 590w, https:\/\/locoxelrojo.com\/independiente\/wp-content\/uploads\/2012\/01\/contreras-300x160.jpg 300w\" sizes=\"(max-width: 590px) 100vw, 590px\" \/><\/a><\/p>\n<p>Mario Contreras, Presidente de Godoy Cruz habl\u00f3 en <strong>InDirecto por TyC Sports<\/strong> y explic\u00f3 que Godoy Cruz en su econom\u00eda no necesita desprenderse de ning\u00fan jugador y que por Rub\u00e9n Ram\u00edrez, por el momento, no hubo una oferta oficial, <strong>&#8220;s\u00f3lo son rumores period\u00edsticos&#8221;<\/strong>, resalt\u00f3.<\/p>\n<p><strong>&#8220;No puedo opinar sobre Ram\u00edrez porque no hubo comunicaci\u00f3n oficial por el jugador. Solamente estamos al tanto por los rumores period\u00edsticos&#8221;<\/strong>, cont\u00f3 el dirigente. Adem\u00e1s aclar\u00f3 que <strong>&#8220;en cuanto a lo econ\u00f3mico Godoy Cruz no necesita hacer una transferencia. Hay gente en el medio que quiz\u00e1s si&#8221;<\/strong>, en relaci\u00f3n a que el 40% del pase de Tito pertenece al empresario Miguel Pires, representante del jugador.<\/p>\n<p><strong>&#8220;Escuch\u00e9 n\u00fameros que no son viables, cuando se inicia una negociaci\u00f3n el precio de venta es el que est\u00e1 dispuesto a pagar el club que pretende al jugador. Ac\u00e1 no lleg\u00f3 nada oficial y no le podemos poner precio porque no sabemos cuanto est\u00e1n dispuestos a pagar&#8221;<\/strong>, dijo Contreras, aunque aclar\u00f3 que\u00a0 la idea de la Comisi\u00f3n Directiva es <strong>&#8220;mantener el plantel de Godoy Cruz como est\u00e1&#8221;<\/strong>.<\/p>\n<p>Por \u00faltimo destac\u00f3 que <strong>&#8220;el caso Ram\u00edrez es diferente a otros jugadores nuestros que se nombran para otros clubes. Ojal\u00e1 no se vaya nadie, pero Ram\u00edrez tiene contrato con nuestra instituci\u00f3n&#8221;<\/strong>.<\/p>\n","protected":false},"excerpt":{"rendered":"<p>Mario Contreras, Presidente de Godoy Cruz habl\u00f3 en InDirecto por TyC Sports y explic\u00f3 que Godoy Cruz en su econom\u00eda no necesita desprenderse de ning\u00fan jugador y que por Rub\u00e9n Ram\u00edrez, por el momento, no hubo una oferta oficial, &#8220;s\u00f3lo son rumores period\u00edsticos&#8221;, resalt\u00f3. &#8220;No puedo opinar sobre Ram\u00edrez porque no hubo comunicaci\u00f3n oficial por [&hellip;]<\/p>\n","protected":false},"author":1,"featured_media":0,"comment_status":"open","ping_status":"open","sticky":false,"template":"","format":"standard","meta":{"_links_to":"","_links_to_target":""},"categories":[3,1],"tags":[153,571,1195,1212,1080],"_links":{"self":[{"href":"https:\/\/www.locoxelrojo.com\/independiente\/wp-json\/wp\/v2\/posts\/13853"}],"collection":[{"href":"https:\/\/www.locoxelrojo.com\/independiente\/wp-json\/wp\/v2\/posts"}],"about":[{"href":"https:\/\/www.locoxelrojo.com\/independiente\/wp-json\/wp\/v2\/types\/post"}],"author":[{"embeddable":true,"href":"https:\/\/www.locoxelrojo.com\/independiente\/wp-json\/wp\/v2\/users\/1"}],"replies":[{"embeddable":true,"href":"https:\/\/www.locoxelrojo.com\/independiente\/wp-json\/wp\/v2\/comments?post=13853"}],"version-history":[{"count":0,"href":"https:\/\/www.locoxelrojo.com\/independiente\/wp-json\/wp\/v2\/posts\/13853\/revisions"}],"wp:attachment":[{"href":"https:\/\/www.locoxelrojo.com\/independiente\/wp-json\/wp\/v2\/media?parent=13853"}],"wp:term":[{"taxonomy":"category","embeddable":true,"href":"https:\/\/www.locoxelrojo.com\/independiente\/wp-json\/wp\/v2\/categories?post=13853"},{"taxonomy":"post_tag","embeddable":true,"href":"https:\/\/www.locoxelrojo.com\/independiente\/wp-json\/wp\/v2\/tags?post=13853"}],"curies":[{"name":"wp","href":"https:\/\/api.w.org\/{rel}","templated":true}]}}