{"id":13902,"date":"2012-01-04T21:18:08","date_gmt":"2012-01-04T23:18:08","guid":{"rendered":"http:\/\/www.locoxelrojo.com.ar\/independiente\/?p=13902"},"modified":"2012-01-04T20:25:14","modified_gmt":"2012-01-04T23:25:14","slug":"contreras-nadie-se-comunico-con-nosotros","status":"publish","type":"post","link":"https:\/\/www.locoxelrojo.com\/independiente\/2012\/01\/04\/contreras-nadie-se-comunico-con-nosotros\/","title":{"rendered":"Contreras: &#8220;Nadie se comunic\u00f3 con nosotros&#8221;"},"content":{"rendered":"<p><a href=\"http:\/\/www.locoxelrojo.com.ar\/independiente\/wp-content\/uploads\/2012\/01\/mario_Contreras.jpg\"><img loading=\"lazy\" class=\"alignnone size-full wp-image-13903\" title=\"mario_Contreras\" src=\"http:\/\/www.locoxelrojo.com.ar\/independiente\/wp-content\/uploads\/2012\/01\/mario_Contreras.jpg\" alt=\"\" width=\"590\" height=\"315\" srcset=\"https:\/\/locoxelrojo.com\/independiente\/wp-content\/uploads\/2012\/01\/mario_Contreras.jpg 590w, https:\/\/locoxelrojo.com\/independiente\/wp-content\/uploads\/2012\/01\/mario_Contreras-300x160.jpg 300w\" sizes=\"(max-width: 590px) 100vw, 590px\" \/><\/a><\/p>\n<p><strong>El Presidente de Godoy Cruz desminti\u00f3 una reuni\u00f3n con Javier Cantero.<\/strong> El representante de Rub\u00e9n Ram\u00edrez fue quien dijo que iba a iniciar negociaciones para que deje Mendoza y, en el medio, reflot\u00f3 un inter\u00e9s de Boca -Falcioni lo quiere pero los dirigentes tienen dudas-.<\/p>\n<p><strong>&#8220;Pires me dijo que hab\u00eda un inter\u00e9s de Independiente pero nadie se comunic\u00f3 con nosotros&#8221;,<\/strong> declar\u00f3 en<strong> La Oral Deportiva por Radio Rivadav\u00eda. &#8220;Me molesta e incomoda cuando se mediatiza un tema que nunca ha tenido un ofrecimiento formal&#8221;<\/strong>, agreg\u00f3.<\/p>\n<p>En las \u00faltimas horas, <strong>el jugador admiti\u00f3 contactos con Falcioni quien lo salud\u00f3 por Navidad.<\/strong> Lo cierto es que las prioridades dirigenciales en Boca son otras: Obolo es el apuntado. &#8220;<strong>Ram\u00edrez est\u00e1 en todo su derecho de estar contento porque est\u00e9n interesados en \u00e9l, pero primero se tendr\u00edan q comunicar con nosotros&#8221;<\/strong>, reproch\u00f3 Contreras quien quiere retenerlo para la Copa Libertadores.<\/p>\n<p>Lo cierto es que <strong>a pesar de que la dirigencia intenta, a toda costa, darle el primer gusto a Ram\u00f3n D\u00edaz, por estas horas los hinchas no est\u00e1n para nada conformes con las preferencias de Tito <\/strong>-declar\u00f3 que quiere seguir su carrera con Falcioni y disputando la Libertadores con Boca- y crearon el <em>hash tag<\/em> #<strong>NoaRamirezenelRojo.<\/strong><\/p>\n","protected":false},"excerpt":{"rendered":"<p>El Presidente de Godoy Cruz desminti\u00f3 una reuni\u00f3n con Javier Cantero. El representante de Rub\u00e9n Ram\u00edrez fue quien dijo que iba a iniciar negociaciones para que deje Mendoza y, en el medio, reflot\u00f3 un inter\u00e9s de Boca -Falcioni lo quiere pero los dirigentes tienen dudas-. &#8220;Pires me dijo que hab\u00eda un inter\u00e9s de Independiente pero [&hellip;]<\/p>\n","protected":false},"author":1,"featured_media":0,"comment_status":"open","ping_status":"open","sticky":false,"template":"","format":"standard","meta":{"_links_to":"","_links_to_target":""},"categories":[3,1],"tags":[193,153,173,723,1195,1080],"_links":{"self":[{"href":"https:\/\/www.locoxelrojo.com\/independiente\/wp-json\/wp\/v2\/posts\/13902"}],"collection":[{"href":"https:\/\/www.locoxelrojo.com\/independiente\/wp-json\/wp\/v2\/posts"}],"about":[{"href":"https:\/\/www.locoxelrojo.com\/independiente\/wp-json\/wp\/v2\/types\/post"}],"author":[{"embeddable":true,"href":"https:\/\/www.locoxelrojo.com\/independiente\/wp-json\/wp\/v2\/users\/1"}],"replies":[{"embeddable":true,"href":"https:\/\/www.locoxelrojo.com\/independiente\/wp-json\/wp\/v2\/comments?post=13902"}],"version-history":[{"count":0,"href":"https:\/\/www.locoxelrojo.com\/independiente\/wp-json\/wp\/v2\/posts\/13902\/revisions"}],"wp:attachment":[{"href":"https:\/\/www.locoxelrojo.com\/independiente\/wp-json\/wp\/v2\/media?parent=13902"}],"wp:term":[{"taxonomy":"category","embeddable":true,"href":"https:\/\/www.locoxelrojo.com\/independiente\/wp-json\/wp\/v2\/categories?post=13902"},{"taxonomy":"post_tag","embeddable":true,"href":"https:\/\/www.locoxelrojo.com\/independiente\/wp-json\/wp\/v2\/tags?post=13902"}],"curies":[{"name":"wp","href":"https:\/\/api.w.org\/{rel}","templated":true}]}}