{"id":13941,"date":"2012-01-05T19:58:27","date_gmt":"2012-01-05T22:58:27","guid":{"rendered":"http:\/\/www.locoxelrojo.com.ar\/independiente\/?p=13941"},"modified":"2015-09-22T00:09:36","modified_gmt":"2015-09-22T03:09:36","slug":"cristian-diaz-independiente-es-mi-casa","status":"publish","type":"post","link":"https:\/\/www.locoxelrojo.com\/independiente\/2012\/01\/05\/cristian-diaz-independiente-es-mi-casa\/","title":{"rendered":"C. D\u00edaz: &#8220;Independiente es mi casa&#8221;"},"content":{"rendered":"<p><a href=\"http:\/\/www.locoxelrojo.com.ar\/independiente\/wp-content\/uploads\/2012\/01\/cristiandiaz_javiercantero.jpg\"><img loading=\"lazy\" class=\"alignnone size-full wp-image-13942\" title=\"cristiandiaz_javiercantero\" src=\"http:\/\/www.locoxelrojo.com.ar\/independiente\/wp-content\/uploads\/2012\/01\/cristiandiaz_javiercantero.jpg\" alt=\"\" width=\"590\" height=\"315\" srcset=\"https:\/\/locoxelrojo.com\/independiente\/wp-content\/uploads\/2012\/01\/cristiandiaz_javiercantero.jpg 590w, https:\/\/locoxelrojo.com\/independiente\/wp-content\/uploads\/2012\/01\/cristiandiaz_javiercantero-300x160.jpg 300w\" sizes=\"(max-width: 590px) 100vw, 590px\" \/><\/a><\/p>\n<p><strong>Tal como anunci\u00f3 el Presidente, Javier Cantero, ayer por la noche, el t\u00e9cnico de la Reserva y sus colaboradores extendieron el v\u00ednculo con el club por un a\u00f1o m\u00e1s. <\/strong>El entrenador puso la firma y se dio la mano con el dirigente.<\/p>\n<p><strong>&#8220;Estoy muy contento por haber renovado. Estaba todo encaminado, ya que en estas semanas ven\u00edamos planeando todo para el reinicio de la actividad. Adem\u00e1s, si bien renovamos por un a\u00f1o, hay una voluntad de ambas partes para continuar durante toda esta gesti\u00f3n&#8221;<\/strong>, declaro D\u00edaz tras sellar el contrato.<\/p>\n<p>Si bien el contrato estaba vencido desde noviembre, el entrenador explic\u00f3 que nunca dejaron de trabajar. <strong>&#8220;Me mantuve trabajando por el compromiso que tengo, adem\u00e1s de que Independiente es mi casa. Adem\u00e1s, destaco el crecimiento de los chicos. Esperemos llegar hasta el final&#8221;<\/strong>, asegur\u00f3.<\/p>\n<p>Por \u00faltimo, elogio \u00a0sus dirigidos. <strong>&#8220;Podemos ganar m\u00e1s partidos, o perder algunos, pero la solaridad, el sentido de pertenencia y el amor por la camiseta que se ha despertado en ellos es una peque\u00f1a satisfacci\u00f3n&#8221;<\/strong>, concluy\u00f3.<\/p>\n","protected":false},"excerpt":{"rendered":"<p>Tal como anunci\u00f3 el Presidente, Javier Cantero, ayer por la noche, el t\u00e9cnico de la Reserva y sus colaboradores extendieron el v\u00ednculo con el club por un a\u00f1o m\u00e1s. El entrenador puso la firma y se dio la mano con el dirigente. &#8220;Estoy muy contento por haber renovado. Estaba todo encaminado, ya que en estas [&hellip;]<\/p>\n","protected":false},"author":1,"featured_media":0,"comment_status":"open","ping_status":"open","sticky":false,"template":"","format":"standard","meta":{"_links_to":"","_links_to_target":""},"categories":[3,5,1],"tags":[153,188,173,723,837,3270],"_links":{"self":[{"href":"https:\/\/www.locoxelrojo.com\/independiente\/wp-json\/wp\/v2\/posts\/13941"}],"collection":[{"href":"https:\/\/www.locoxelrojo.com\/independiente\/wp-json\/wp\/v2\/posts"}],"about":[{"href":"https:\/\/www.locoxelrojo.com\/independiente\/wp-json\/wp\/v2\/types\/post"}],"author":[{"embeddable":true,"href":"https:\/\/www.locoxelrojo.com\/independiente\/wp-json\/wp\/v2\/users\/1"}],"replies":[{"embeddable":true,"href":"https:\/\/www.locoxelrojo.com\/independiente\/wp-json\/wp\/v2\/comments?post=13941"}],"version-history":[{"count":0,"href":"https:\/\/www.locoxelrojo.com\/independiente\/wp-json\/wp\/v2\/posts\/13941\/revisions"}],"wp:attachment":[{"href":"https:\/\/www.locoxelrojo.com\/independiente\/wp-json\/wp\/v2\/media?parent=13941"}],"wp:term":[{"taxonomy":"category","embeddable":true,"href":"https:\/\/www.locoxelrojo.com\/independiente\/wp-json\/wp\/v2\/categories?post=13941"},{"taxonomy":"post_tag","embeddable":true,"href":"https:\/\/www.locoxelrojo.com\/independiente\/wp-json\/wp\/v2\/tags?post=13941"}],"curies":[{"name":"wp","href":"https:\/\/api.w.org\/{rel}","templated":true}]}}