{"id":13970,"date":"2012-01-06T16:03:25","date_gmt":"2012-01-06T19:03:25","guid":{"rendered":"http:\/\/www.locoxelrojo.com.ar\/independiente\/?p=13970"},"modified":"2012-01-06T17:47:58","modified_gmt":"2012-01-06T19:47:58","slug":"ramon-diaz-tenemos-que-hacer-un-buen-campeonato","status":"publish","type":"post","link":"https:\/\/www.locoxelrojo.com\/independiente\/2012\/01\/06\/ramon-diaz-tenemos-que-hacer-un-buen-campeonato\/","title":{"rendered":"Ram\u00f3n D\u00edaz: &#8220;Tenemos que hacer un buen campeonato&#8221;"},"content":{"rendered":"<p><a href=\"http:\/\/www.locoxelrojo.com.ar\/independiente\/wp-content\/uploads\/2012\/01\/ramon.jpg\"><img loading=\"lazy\" class=\"alignnone size-full wp-image-13971\" title=\"ramon\" src=\"http:\/\/www.locoxelrojo.com.ar\/independiente\/wp-content\/uploads\/2012\/01\/ramon.jpg\" alt=\"\" width=\"590\" height=\"315\" srcset=\"https:\/\/locoxelrojo.com\/independiente\/wp-content\/uploads\/2012\/01\/ramon.jpg 590w, https:\/\/locoxelrojo.com\/independiente\/wp-content\/uploads\/2012\/01\/ramon-300x160.jpg 300w\" sizes=\"(max-width: 590px) 100vw, 590px\" \/><\/a><\/p>\n<p>Ram\u00f3n D\u00edaz habl\u00f3 con la prensa en el arranque de la Pretemporada. Se lo vio con ganas, muy motivado y confiado en cuanto a la llegada de los dos refuerzos.<\/p>\n<p><strong>&#8220;Los jugadores vinieron muy motivados y con muchas ganas, tenemos todo lo necesario para poder trabajar y tambi\u00e9n tenemos que hacer un buen campeonato&#8221;<\/strong>, cont\u00f3 Ram\u00f3n quien se mostr\u00f3 con esperanzas y expectativas de cara al inicio de la Pretemporada.<\/p>\n<p>Javier Cantero, junto a parte de su Comisi\u00f3n Directiva, estuvieron presentes en Santo Domingo para presentarse formalmente ante Plantel y el Cuerpo T\u00e9cnico. <strong>&#8220;Nos brindaron todo su apoyo. Sabemos que las negociaciones son complicadas, pero esperamos que la pr\u00f3xima semana tengamos novedades buenas sobre la llegada de alg\u00fan refuerzo importante. El Presidente lo va a lograr&#8221;<\/strong>, confi\u00f3 el entrenador.<\/p>\n<p>Adem\u00e1s, el riojano pidi\u00f3 que no se descarte a ning\u00fan jugador, tampoco a Rub\u00e9n Ramirez sobre quien expres\u00f3:\u00a0<strong>&#8220;hay que respetarlo. A mi me pareci\u00f3 que fue muy tranquilo en sus declaraciones y es justo que habl\u00e9 bien de un entrenador que ya tuvo&#8221;<\/strong>. Adem\u00e1s, advirti\u00f3 que\u00a0<strong>&#8220;hay otras negociaciones, pero no hay que descartar a nadie porque sabemos que atacantes hay muy pocos&#8221;<\/strong>.<\/p>\n<p>Para cerrar con el tema refuerzos, repiti\u00f3 su pedido:<strong> &#8220;este equipo necesita dos atacantes. Los refuerzos los estamos manejando con mucha tranquilidad para no equivocarnos y elegir lo mejor&#8221;<\/strong>.<\/p>\n<p>En cuanto a los pr\u00f3ximos objetivos expres\u00f3 que hay <strong>un equipo competitivo que con una buena pretemporada puede pelear el campeonato<\/strong><strong>. De todas formas, <\/strong><strong>&#8220;Vamos a reducir bastante el plantel para que sea bien competitivo&#8221;.<\/strong><\/p>\n","protected":false},"excerpt":{"rendered":"<p>Ram\u00f3n D\u00edaz habl\u00f3 con la prensa en el arranque de la Pretemporada. Se lo vio con ganas, muy motivado y confiado en cuanto a la llegada de los dos refuerzos. &#8220;Los jugadores vinieron muy motivados y con muchas ganas, tenemos todo lo necesario para poder trabajar y tambi\u00e9n tenemos que hacer un buen campeonato&#8221;, cont\u00f3 [&hellip;]<\/p>\n","protected":false},"author":8,"featured_media":0,"comment_status":"open","ping_status":"open","sticky":false,"template":"","format":"standard","meta":{"_links_to":"","_links_to_target":""},"categories":[3,1],"tags":[153,723,1211,500],"_links":{"self":[{"href":"https:\/\/www.locoxelrojo.com\/independiente\/wp-json\/wp\/v2\/posts\/13970"}],"collection":[{"href":"https:\/\/www.locoxelrojo.com\/independiente\/wp-json\/wp\/v2\/posts"}],"about":[{"href":"https:\/\/www.locoxelrojo.com\/independiente\/wp-json\/wp\/v2\/types\/post"}],"author":[{"embeddable":true,"href":"https:\/\/www.locoxelrojo.com\/independiente\/wp-json\/wp\/v2\/users\/8"}],"replies":[{"embeddable":true,"href":"https:\/\/www.locoxelrojo.com\/independiente\/wp-json\/wp\/v2\/comments?post=13970"}],"version-history":[{"count":0,"href":"https:\/\/www.locoxelrojo.com\/independiente\/wp-json\/wp\/v2\/posts\/13970\/revisions"}],"wp:attachment":[{"href":"https:\/\/www.locoxelrojo.com\/independiente\/wp-json\/wp\/v2\/media?parent=13970"}],"wp:term":[{"taxonomy":"category","embeddable":true,"href":"https:\/\/www.locoxelrojo.com\/independiente\/wp-json\/wp\/v2\/categories?post=13970"},{"taxonomy":"post_tag","embeddable":true,"href":"https:\/\/www.locoxelrojo.com\/independiente\/wp-json\/wp\/v2\/tags?post=13970"}],"curies":[{"name":"wp","href":"https:\/\/api.w.org\/{rel}","templated":true}]}}