{"id":13991,"date":"2012-01-06T20:26:11","date_gmt":"2012-01-06T23:26:11","guid":{"rendered":"http:\/\/www.locoxelrojo.com.ar\/independiente\/?p=13991"},"modified":"2015-09-22T00:10:12","modified_gmt":"2015-09-22T03:10:12","slug":"cabrera-a-prestamo-por-6-meses-a-gimnasia","status":"publish","type":"post","link":"https:\/\/www.locoxelrojo.com\/independiente\/2012\/01\/06\/cabrera-a-prestamo-por-6-meses-a-gimnasia\/","title":{"rendered":"Cabrera, a pr\u00e9stamo por seis meses a Gimnasia"},"content":{"rendered":"<p><a href=\"http:\/\/www.locoxelrojo.com.ar\/independiente\/wp-content\/uploads\/2012\/01\/delmar-cantero.jpg\"><img loading=\"lazy\" class=\"alignnone size-full wp-image-13992\" title=\"delmar-cantero\" src=\"http:\/\/www.locoxelrojo.com.ar\/independiente\/wp-content\/uploads\/2012\/01\/delmar-cantero.jpg\" alt=\"\" width=\"590\" height=\"315\" srcset=\"https:\/\/locoxelrojo.com\/independiente\/wp-content\/uploads\/2012\/01\/delmar-cantero.jpg 590w, https:\/\/locoxelrojo.com\/independiente\/wp-content\/uploads\/2012\/01\/delmar-cantero-300x160.jpg 300w\" sizes=\"(max-width: 590px) 100vw, 590px\" \/><\/a><\/p>\n<p>Finalmente Nicol\u00e1s Cabrera vuelve a Gimnasia de La Plata. <strong>Hoy por la tarde en la Sede Social del Club Atl\u00e9tico Independiente, Javier Cantero y H\u00e9ctor Delmar, Presidente del club platense, firmaron el contrato.<\/strong><\/p>\n<p><strong>El volante fue cedido a pr\u00e9stamo por seis meses al club Gimnasia y Esgrima La Plata, sin cargo y con una opci\u00f3n de compra por el 40 por ciento del pase perteneciente a Independiente que asciende a 750 mil d\u00f3lares.<\/strong><\/p>\n<p>Cabrera no era tenido en cuenta por Ram\u00f3n D\u00edaz y todav\u00eda le queda 1 a\u00f1o y medio de contrato con el Rojo. Despu\u00e9s de tantos idas y vueltas, se pudo destrabar la situaci\u00f3n y de a poco Independiente va depurando su plantel.<\/p>\n<p><strong>Foto:<\/strong> Prensa CAI<\/p>\n","protected":false},"excerpt":{"rendered":"<p>Finalmente Nicol\u00e1s Cabrera vuelve a Gimnasia de La Plata. Hoy por la tarde en la Sede Social del Club Atl\u00e9tico Independiente, Javier Cantero y H\u00e9ctor Delmar, Presidente del club platense, firmaron el contrato. El volante fue cedido a pr\u00e9stamo por seis meses al club Gimnasia y Esgrima La Plata, sin cargo y con una opci\u00f3n [&hellip;]<\/p>\n","protected":false},"author":1,"featured_media":0,"comment_status":"open","ping_status":"open","sticky":false,"template":"","format":"standard","meta":{"_links_to":"","_links_to_target":""},"categories":[3,1],"tags":[153,483,1200,723,108],"_links":{"self":[{"href":"https:\/\/www.locoxelrojo.com\/independiente\/wp-json\/wp\/v2\/posts\/13991"}],"collection":[{"href":"https:\/\/www.locoxelrojo.com\/independiente\/wp-json\/wp\/v2\/posts"}],"about":[{"href":"https:\/\/www.locoxelrojo.com\/independiente\/wp-json\/wp\/v2\/types\/post"}],"author":[{"embeddable":true,"href":"https:\/\/www.locoxelrojo.com\/independiente\/wp-json\/wp\/v2\/users\/1"}],"replies":[{"embeddable":true,"href":"https:\/\/www.locoxelrojo.com\/independiente\/wp-json\/wp\/v2\/comments?post=13991"}],"version-history":[{"count":0,"href":"https:\/\/www.locoxelrojo.com\/independiente\/wp-json\/wp\/v2\/posts\/13991\/revisions"}],"wp:attachment":[{"href":"https:\/\/www.locoxelrojo.com\/independiente\/wp-json\/wp\/v2\/media?parent=13991"}],"wp:term":[{"taxonomy":"category","embeddable":true,"href":"https:\/\/www.locoxelrojo.com\/independiente\/wp-json\/wp\/v2\/categories?post=13991"},{"taxonomy":"post_tag","embeddable":true,"href":"https:\/\/www.locoxelrojo.com\/independiente\/wp-json\/wp\/v2\/tags?post=13991"}],"curies":[{"name":"wp","href":"https:\/\/api.w.org\/{rel}","templated":true}]}}