{"id":14003,"date":"2012-01-07T10:42:06","date_gmt":"2012-01-07T12:42:06","guid":{"rendered":"http:\/\/www.locoxelrojo.com.ar\/independiente\/?p=14003"},"modified":"2012-01-07T10:16:43","modified_gmt":"2012-01-07T13:16:43","slug":"marco-perez-merecia-una-oportunidad","status":"publish","type":"post","link":"https:\/\/www.locoxelrojo.com\/independiente\/2012\/01\/07\/marco-perez-merecia-una-oportunidad\/","title":{"rendered":"Marco P\u00e9rez: &#8220;Merec\u00eda una oportunidad&#8221;"},"content":{"rendered":"<p><a href=\"http:\/\/www.locoxelrojo.com.ar\/independiente\/wp-content\/uploads\/2012\/01\/marco_perez1.jpg\"><img loading=\"lazy\" class=\"alignnone size-full wp-image-14004\" title=\"marco_perez\" src=\"http:\/\/www.locoxelrojo.com.ar\/independiente\/wp-content\/uploads\/2012\/01\/marco_perez1.jpg\" alt=\"\" width=\"590\" height=\"315\" srcset=\"https:\/\/locoxelrojo.com\/independiente\/wp-content\/uploads\/2012\/01\/marco_perez1.jpg 590w, https:\/\/locoxelrojo.com\/independiente\/wp-content\/uploads\/2012\/01\/marco_perez1-300x160.jpg 300w\" sizes=\"(max-width: 590px) 100vw, 590px\" \/><\/a><\/p>\n<p><strong>Marco P\u00e9rez<\/strong>, en di\u00e1logo con <strong>Competencia por Radio Continental <\/strong>se mostr\u00f3 molesto con Ram\u00f3n D\u00edaz porque nunca mantuvieron di\u00e1logo con \u00e9l y consider\u00f3 que no le dieron las mismas oportunidades que al resto.<strong> &#8220;Con Ram\u00f3n no hablo ni quiero hablar, no tengo nada que hablar porque durante todo el torneo no me dio una explicaci\u00f3n asique ahora no la voy a recibir<\/strong>&#8220;, critic\u00f3.<\/p>\n<p>De todas formas, el delantero explic\u00f3: &#8220;<strong>estoy tranquilo y entrenando con la Reserva. Voy a trabajar para resolver mi situaci\u00f3n cuanto antes&#8221;.<\/strong> Lo que no comprendi\u00f3 fue por qu\u00e9 no le dieron lugar en el equipo. <strong>&#8220;Todo el mundo sabe que no me lo merezco, me duele que digan que salgo por rendimiento pero \u00e9l &#8211;<\/strong>Ram\u00f3n D\u00edaz- <strong>sabe lo que hace y el f\u00fatbol todo se lo cobra&#8221;<\/strong>, chicane\u00f3.<\/p>\n<p>Por \u00faltimo, se refiri\u00f3 a su futuro -su representante pretende que cobre los 6 meses que le quedan aunque tiene ofrecimientos de otros clubes- <strong>&#8220;La culpa no la tengo, merec\u00ed una oportunidad en el equipo y cuando termin\u00f3 la temporada me dijeron que no me iban a tener en cuenta. Espero resolver la situaci\u00f3n cuanto antes, encontrar club y ponerme a trabajar. Hay opciones ac\u00e1 &#8211;<\/strong><strong>Belgrano, Arsenal y Gimnasia<\/strong><strong>&#8211; y en Chile&#8221;<\/strong>, concluy\u00f3.<\/p>\n","protected":false},"excerpt":{"rendered":"<p>Marco P\u00e9rez, en di\u00e1logo con Competencia por Radio Continental se mostr\u00f3 molesto con Ram\u00f3n D\u00edaz porque nunca mantuvieron di\u00e1logo con \u00e9l y consider\u00f3 que no le dieron las mismas oportunidades que al resto. &#8220;Con Ram\u00f3n no hablo ni quiero hablar, no tengo nada que hablar porque durante todo el torneo no me dio una explicaci\u00f3n [&hellip;]<\/p>\n","protected":false},"author":1,"featured_media":0,"comment_status":"open","ping_status":"open","sticky":false,"template":"","format":"standard","meta":{"_links_to":"","_links_to_target":""},"categories":[3,1],"tags":[153,483,1209,173,547,500],"_links":{"self":[{"href":"https:\/\/www.locoxelrojo.com\/independiente\/wp-json\/wp\/v2\/posts\/14003"}],"collection":[{"href":"https:\/\/www.locoxelrojo.com\/independiente\/wp-json\/wp\/v2\/posts"}],"about":[{"href":"https:\/\/www.locoxelrojo.com\/independiente\/wp-json\/wp\/v2\/types\/post"}],"author":[{"embeddable":true,"href":"https:\/\/www.locoxelrojo.com\/independiente\/wp-json\/wp\/v2\/users\/1"}],"replies":[{"embeddable":true,"href":"https:\/\/www.locoxelrojo.com\/independiente\/wp-json\/wp\/v2\/comments?post=14003"}],"version-history":[{"count":0,"href":"https:\/\/www.locoxelrojo.com\/independiente\/wp-json\/wp\/v2\/posts\/14003\/revisions"}],"wp:attachment":[{"href":"https:\/\/www.locoxelrojo.com\/independiente\/wp-json\/wp\/v2\/media?parent=14003"}],"wp:term":[{"taxonomy":"category","embeddable":true,"href":"https:\/\/www.locoxelrojo.com\/independiente\/wp-json\/wp\/v2\/categories?post=14003"},{"taxonomy":"post_tag","embeddable":true,"href":"https:\/\/www.locoxelrojo.com\/independiente\/wp-json\/wp\/v2\/tags?post=14003"}],"curies":[{"name":"wp","href":"https:\/\/api.w.org\/{rel}","templated":true}]}}