{"id":14006,"date":"2012-01-07T10:00:42","date_gmt":"2012-01-07T13:00:42","guid":{"rendered":"http:\/\/www.locoxelrojo.com.ar\/independiente\/?p=14006"},"modified":"2015-09-22T00:10:30","modified_gmt":"2015-09-22T03:10:30","slug":"uno-menos-obolo-es-jugador-de-velez","status":"publish","type":"post","link":"https:\/\/www.locoxelrojo.com\/independiente\/2012\/01\/07\/uno-menos-obolo-es-jugador-de-velez\/","title":{"rendered":"Uno menos: \u00d3bolo es jugador de V\u00e9lez"},"content":{"rendered":"<p><a href=\"http:\/\/www.locoxelrojo.com.ar\/independiente\/wp-content\/uploads\/2012\/01\/mauro_obolo.jpg\"><img loading=\"lazy\" class=\"alignnone size-full wp-image-14007\" title=\"mauro_obolo\" src=\"http:\/\/www.locoxelrojo.com.ar\/independiente\/wp-content\/uploads\/2012\/01\/mauro_obolo.jpg\" alt=\"\" width=\"590\" height=\"315\" srcset=\"https:\/\/locoxelrojo.com\/independiente\/wp-content\/uploads\/2012\/01\/mauro_obolo.jpg 590w, https:\/\/locoxelrojo.com\/independiente\/wp-content\/uploads\/2012\/01\/mauro_obolo-300x160.jpg 300w\" sizes=\"(max-width: 590px) 100vw, 590px\" \/><\/a><\/p>\n<p><strong>El delantero de Arsenal de Sarand\u00ed estaba en la mira de Boca Juniors y era prioridad para los dirigentes de Boca por sobre Rub\u00e9n Ram\u00edrez.<\/strong> Sin embargo, la dirigencia de V\u00e9lez primere\u00f3 y sell\u00f3 -de palabra- el v\u00ednculo con el jugador el viernes por la noche. Ahora, los dirigidos por Falcioni van por Tito&#8230;<\/p>\n<p>&#8220;Una baja muy importante para Arsenal. Un gran jugador, pero mejor persona. No se puede ir contra la voluntad del jugador. Anoche se cerr\u00f3 la venta de Mauro Iv\u00e1n Obolo a V\u00e9lez, hoy ya no entrena en Arsen<strong>al. No est\u00e1 firmado pero si todo cerrado de palabra, es venta definitiva<\/strong>&#8220;, dijo mediante la red social Twitter el dirigente, Carlos Bueno.<\/p>\n<p>El ex delantero de V\u00e9lez que vuelve a Villa Luro era uno de los que estaba en la lista de delanteros de Falcioni pero era de la preferencia de los dirigentes. Ahora, l<strong>a alternativa es Rub\u00e9n Ram\u00edrez, pretendido tambi\u00e9n por Independiente. Seg\u00fan \u00a0confirm\u00f3 su representante, Miguel Pires, habr\u00e1 una reuni\u00f3n con Javier Cantero el s\u00e1bado en Mar del Plata y otra con los dirigentes de Boca el pr\u00f3ximo lunes.<\/strong><\/p>\n<p><strong>Se requieren 2,5 millones de d\u00f3lares por el 60% del pase del jugador que ya tiene 30 a\u00f1os. Si bien Independiente no dispone de ese efectivo, Boca tampoco. <\/strong>En el caso del Rojo, Pires aceptar\u00eda porcentajes de jugadores del plantel profesional Rojo. A Boca, en cambio, le ofreci\u00f3 ayuda por parte de su propio grupo empresario.<\/p>\n","protected":false},"excerpt":{"rendered":"<p>http:\/\/www.locoxelrojo.com.ar\/independiente\/wp-content\/uploads\/2012\/01\/mauro_obolo.jpg<\/p>\n","protected":false},"author":1,"featured_media":0,"comment_status":"open","ping_status":"open","sticky":false,"template":"","format":"standard","meta":{"_links_to":"","_links_to_target":""},"categories":[3,1],"tags":[193,153,173,1207,1212,1080,213],"_links":{"self":[{"href":"https:\/\/www.locoxelrojo.com\/independiente\/wp-json\/wp\/v2\/posts\/14006"}],"collection":[{"href":"https:\/\/www.locoxelrojo.com\/independiente\/wp-json\/wp\/v2\/posts"}],"about":[{"href":"https:\/\/www.locoxelrojo.com\/independiente\/wp-json\/wp\/v2\/types\/post"}],"author":[{"embeddable":true,"href":"https:\/\/www.locoxelrojo.com\/independiente\/wp-json\/wp\/v2\/users\/1"}],"replies":[{"embeddable":true,"href":"https:\/\/www.locoxelrojo.com\/independiente\/wp-json\/wp\/v2\/comments?post=14006"}],"version-history":[{"count":0,"href":"https:\/\/www.locoxelrojo.com\/independiente\/wp-json\/wp\/v2\/posts\/14006\/revisions"}],"wp:attachment":[{"href":"https:\/\/www.locoxelrojo.com\/independiente\/wp-json\/wp\/v2\/media?parent=14006"}],"wp:term":[{"taxonomy":"category","embeddable":true,"href":"https:\/\/www.locoxelrojo.com\/independiente\/wp-json\/wp\/v2\/categories?post=14006"},{"taxonomy":"post_tag","embeddable":true,"href":"https:\/\/www.locoxelrojo.com\/independiente\/wp-json\/wp\/v2\/tags?post=14006"}],"curies":[{"name":"wp","href":"https:\/\/api.w.org\/{rel}","templated":true}]}}