{"id":141,"date":"2010-08-18T04:07:42","date_gmt":"2010-08-18T04:07:42","guid":{"rendered":"http:\/\/www.locoxelrojo.com.ar\/independiente\/?p=141"},"modified":"2015-09-08T21:51:46","modified_gmt":"2015-09-09T00:51:46","slug":"tengo-una-carrera-hecha-y-seria-un-error-pasar-a-la-punta-derecha","status":"publish","type":"post","link":"https:\/\/www.locoxelrojo.com\/independiente\/2010\/08\/18\/tengo-una-carrera-hecha-y-seria-un-error-pasar-a-la-punta-derecha\/","title":{"rendered":"M. Vel\u00e1zquez: &#8220;Tengo una carrera hecha y ser\u00eda un error pasar a la punta derecha&#8221;"},"content":{"rendered":"<p><a href=\"http:\/\/www.locoxelrojo.com.ar\/independiente\/wp-content\/uploads\/2010\/08\/maxi.jpg\"><img loading=\"lazy\" class=\"alignnone size-full wp-image-142\" title=\"maxi\" src=\"http:\/\/www.locoxelrojo.com.ar\/independiente\/wp-content\/uploads\/2010\/08\/maxi.jpg\" alt=\"\" width=\"550\" height=\"315\" srcset=\"https:\/\/locoxelrojo.com\/independiente\/wp-content\/uploads\/2010\/08\/maxi.jpg 550w, https:\/\/locoxelrojo.com\/independiente\/wp-content\/uploads\/2010\/08\/maxi-300x171.jpg 300w\" sizes=\"(max-width: 550px) 100vw, 550px\" \/><\/a><\/p>\n<p>Luego de quedar nuevamente fuera de la lista de los concentrados, Maximiliano Vel\u00e1zquez dialog\u00f3 con Independiente de Am\u00e9rica y rompi\u00f3 el silencio. A lo largo de toda la nota se lo escuch\u00f3 muy enojado con los dirigentes, explic\u00f3 que dialog\u00f3 con Garnero y que el DT le dijo que no eran necesarios 2 laterales en una lista de concentrados. Cont\u00f3 que no le gusta jugar de 4 y advirti\u00f3 que si no le dan continuidad se va a ir del club.<\/p>\n<p>Maxi Vel\u00e1zquez explic\u00f3 que fue un cambio muy grande pasar a Independiente porque m\u00e1s all\u00e1 de que Lan\u00fas siempre es protagonista, es un equipo chico. <strong>&#8220;El otro d\u00eda no pod\u00eda creer la cantidad de gente que hab\u00eda en V\u00e9lez&#8221;<\/strong>, comenz\u00f3 diciendo. Sin embargo, pas\u00f3 de ser un referente en Lan\u00fas y capit\u00e1n a quedarse en su casa los fines de semana. Seg\u00fan explic\u00f3, lo que pudo haber sido un paso adelante es para el lateral <strong>&#8220;complicado y dif\u00edcil de llevar&#8221;<\/strong>.<\/p>\n<p>A pesar del presente, Vel\u00e1zquez prometi\u00f3 trabajo. <strong>&#8220;No me queda otra como profesional que soy que trabajar y estar preparado para cuando me toque&#8221;<\/strong>, lament\u00f3 dolorido. Y sigui\u00f3: <strong>&#8220;Me duele mucho estar en esta situaci\u00f3n porque ten\u00eda expectativas, estaba ilusionado y con ganas de jugar&#8221;<\/strong>.<\/p>\n<p>El ex Lan\u00fas a\u00fan no entiende por qu\u00e9 fue durante toda la pretemporada titular y se encontr\u00f3 con la p\u00e9rdida del puesto en la \u00faltima pr\u00e1ctica de cara al debut con V\u00e9lez. Sin embargo, la \u00fanica explicaci\u00f3n que recibi\u00f3 fue que Garnero prefer\u00eda ocupar un lugar en el banco con volantes y no con laterales.<\/p>\n<p>Sobre la posibilidad de jugar en la reserva, Maxi Vel\u00e1zquez no ha charlado a\u00fan el tema con Garnero. A pesar de esto, reconoci\u00f3 que no es lo mismo entrenarse que jugar. <strong>&#8220;Uno quiere jugar &#8220;<\/strong>, afirm\u00f3.<\/p>\n<p>En cuanto a las variantes t\u00e1cticas, el lateral izquierdo cont\u00f3 que Garnero le ofreci\u00f3 la banda derecha pero fue claro <strong>&#8220;tengo una carrera hecha y ser\u00eda un error pasar a la punta derecha, en esa posici\u00f3n no jugar\u00eda.&#8221;<\/strong> Sin embargo, dej\u00f3 la puerta abierta para jugar por la banda izquierda como volante.<\/p>\n<p>En la pr\u00f3xima semana, Independiente en 10 d\u00edas jugar\u00e1 2 encuentros por Copa Sudamericana (ida y vuelta con Argentinos Juniors) y 2 encuentros por el Campeonato (River y Newell\u2019s). A pesar de esto, Vel\u00e1zquez no se ve como titular. Ante la posibilidad de alternar con Mareque, el lateral suplente dijo que<strong> &#8220;es muy dif\u00edcil porque la copa es ida y vuelta y no una seguidilla constante. El t\u00e9cnico ha optado por \u00e9l\u00a0 y va a jugar \u00e9l, en la Copa Sudamericana se puede jugar con el mismo equipo tranquilamente&#8221;<\/strong>, manifest\u00f3.<\/p>\n<p>En cuanto a la continuidad, Vel\u00e1zquez explic\u00f3 que<strong> &#8220;Lucas es un gran jugador, un referente de este plantel y el t\u00e9cnico lo va a bancar. Hoy por hoy el titular es \u00e9l&#8221;<\/strong>. Esto implica que si en 6 meses solo juega 2 partidos, el lateral va a buscar otro equipo. Respecto a por qu\u00e9 lo incorporaron, Vel\u00e1zquez fue m\u00e1s que claro <strong>&#8220;A mi me dijeron que a Mareque lo iban a vender&#8221;<\/strong>.<\/p>\n<p>A la hora de manifestarse sobre el partido de ma\u00f1ana, Vel\u00e1zquez cont\u00f3 que va a ir a la cancha y al vestuario para estar con los compa\u00f1eros. <strong>&#8220;Qu\u00e9dense tranquilos, voy a seguir entrenando de esta forma y esperando siempre la oportunidad. Ojal\u00e1 sea pronto&#8221;<\/strong>, concluy\u00f3.<\/p>\n","protected":false},"excerpt":{"rendered":"<p>Luego de quedar nuevamente fuera de la lista de los concentrados, Maximiliano Vel\u00e1zquez dialog\u00f3 con Independiente de Am\u00e9rica y rompi\u00f3 el silencio. A lo largo de toda la nota se lo escuch\u00f3 muy enojado con los dirigentes, explic\u00f3 que dialog\u00f3 con Garnero y que el DT le dijo que no eran necesarios 2 laterales en [&hellip;]<\/p>\n","protected":false},"author":1,"featured_media":0,"comment_status":"open","ping_status":"open","sticky":false,"template":"","format":"standard","meta":{"_links_to":"","_links_to_target":""},"categories":[3,1],"tags":[154],"_links":{"self":[{"href":"https:\/\/www.locoxelrojo.com\/independiente\/wp-json\/wp\/v2\/posts\/141"}],"collection":[{"href":"https:\/\/www.locoxelrojo.com\/independiente\/wp-json\/wp\/v2\/posts"}],"about":[{"href":"https:\/\/www.locoxelrojo.com\/independiente\/wp-json\/wp\/v2\/types\/post"}],"author":[{"embeddable":true,"href":"https:\/\/www.locoxelrojo.com\/independiente\/wp-json\/wp\/v2\/users\/1"}],"replies":[{"embeddable":true,"href":"https:\/\/www.locoxelrojo.com\/independiente\/wp-json\/wp\/v2\/comments?post=141"}],"version-history":[{"count":0,"href":"https:\/\/www.locoxelrojo.com\/independiente\/wp-json\/wp\/v2\/posts\/141\/revisions"}],"wp:attachment":[{"href":"https:\/\/www.locoxelrojo.com\/independiente\/wp-json\/wp\/v2\/media?parent=141"}],"wp:term":[{"taxonomy":"category","embeddable":true,"href":"https:\/\/www.locoxelrojo.com\/independiente\/wp-json\/wp\/v2\/categories?post=141"},{"taxonomy":"post_tag","embeddable":true,"href":"https:\/\/www.locoxelrojo.com\/independiente\/wp-json\/wp\/v2\/tags?post=141"}],"curies":[{"name":"wp","href":"https:\/\/api.w.org\/{rel}","templated":true}]}}