{"id":14195,"date":"2012-01-15T08:37:18","date_gmt":"2012-01-15T11:37:18","guid":{"rendered":"http:\/\/www.locoxelrojo.com.ar\/independiente\/?p=14195"},"modified":"2013-02-18T04:08:12","modified_gmt":"2013-02-18T07:08:12","slug":"dayro-quiere-jugar-en-independiente","status":"publish","type":"post","link":"https:\/\/www.locoxelrojo.com\/independiente\/2012\/01\/15\/dayro-quiere-jugar-en-independiente\/","title":{"rendered":"&#8220;Dayro quiere jugar en Independiente&#8221;"},"content":{"rendered":"<p><a href=\"http:\/\/www.locoxelrojo.com.ar\/independiente\/wp-content\/uploads\/2012\/01\/dayro_moreno.jpg\"><img loading=\"lazy\" class=\"alignnone size-full wp-image-14196\" title=\"dayro_moreno\" src=\"http:\/\/www.locoxelrojo.com.ar\/independiente\/wp-content\/uploads\/2012\/01\/dayro_moreno.jpg\" alt=\"\" width=\"590\" height=\"315\" srcset=\"https:\/\/locoxelrojo.com\/independiente\/wp-content\/uploads\/2012\/01\/dayro_moreno.jpg 590w, https:\/\/locoxelrojo.com\/independiente\/wp-content\/uploads\/2012\/01\/dayro_moreno-300x160.jpg 300w\" sizes=\"(max-width: 590px) 100vw, 590px\" \/><\/a><\/p>\n<p><strong>Dayro Moreno<\/strong> sonaba como refuerzo, pero los dirigentes terminaron poniendo como prioridad a Far\u00edas considerando que el colombiano no es el 9 de \u00e1rea que Ram\u00f3n D\u00edaz tiene como prioridad. Sin embargo, en las \u00faltimas horas, <strong>retorn\u00f3 a Tijuana tras dos semanas para arreglar su desvinculaci\u00f3n. <\/strong>Si bien el presidente del club mexicano, Hank Inzunza, sostiene que las ofertas m\u00e1s tentadoras vienen desde Emiratos \u00c1rabes; <strong>Marcelo Ferreyra, su representante, lo quiere en el Rojo.<\/strong><\/p>\n<p><strong>&#8220;Dayro quiere ir a Independiente y nosotros queremos que juegue en Argentina&#8221;, <\/strong>declar\u00f3 quien maneja econ\u00f3micamente al jugador en las \u00faltimas horas a Uniradio de Tijuana. El jugador se hab\u00eda ausentado durante dos semanas de los entrenamientos sin justificaci\u00f3n y regres\u00f3 este fin de semana para rescindir su contrato. As\u00ed lo confirm\u00f3 el presidente de Xolos, Hank Inzunza:<strong> &#8220;Dayro manifest\u00f3 que ya no se siente c\u00f3modo jugando en el equipo y quiere abandonar la instituci\u00f3n&#8221;<\/strong>, describi\u00f3.<\/p>\n<p>Sin ser tenido en cuenta por Antonio Mohamed, el jugador pidi\u00f3 licencia para pasar fin de a\u00f1o en Colombia. Sin embargo, tuvo un accidente automovil\u00edstico y no regres\u00f3 el 2 de enero como estaba estipulado. El plazo se extendi\u00f3 hasta el 10, pero el jugador regres\u00f3 el 13 argumentando que no quer\u00eda seguir en M\u00e9xico.<\/p>\n","protected":false},"excerpt":{"rendered":"<p>Dayro Moreno sonaba como refuerzo, pero los dirigentes terminaron poniendo como prioridad a Far\u00edas considerando que el colombiano no es el 9 de \u00e1rea que Ram\u00f3n D\u00edaz tiene como prioridad. Sin embargo, en las \u00faltimas horas, retorn\u00f3 a Tijuana tras dos semanas para arreglar su desvinculaci\u00f3n. Si bien el presidente del club mexicano, Hank Inzunza, [&hellip;]<\/p>\n","protected":false},"author":1,"featured_media":0,"comment_status":"open","ping_status":"open","sticky":false,"template":"","format":"standard","meta":{"_links_to":"","_links_to_target":""},"categories":[3,1],"tags":[153,1186,173,1035,1885],"_links":{"self":[{"href":"https:\/\/www.locoxelrojo.com\/independiente\/wp-json\/wp\/v2\/posts\/14195"}],"collection":[{"href":"https:\/\/www.locoxelrojo.com\/independiente\/wp-json\/wp\/v2\/posts"}],"about":[{"href":"https:\/\/www.locoxelrojo.com\/independiente\/wp-json\/wp\/v2\/types\/post"}],"author":[{"embeddable":true,"href":"https:\/\/www.locoxelrojo.com\/independiente\/wp-json\/wp\/v2\/users\/1"}],"replies":[{"embeddable":true,"href":"https:\/\/www.locoxelrojo.com\/independiente\/wp-json\/wp\/v2\/comments?post=14195"}],"version-history":[{"count":0,"href":"https:\/\/www.locoxelrojo.com\/independiente\/wp-json\/wp\/v2\/posts\/14195\/revisions"}],"wp:attachment":[{"href":"https:\/\/www.locoxelrojo.com\/independiente\/wp-json\/wp\/v2\/media?parent=14195"}],"wp:term":[{"taxonomy":"category","embeddable":true,"href":"https:\/\/www.locoxelrojo.com\/independiente\/wp-json\/wp\/v2\/categories?post=14195"},{"taxonomy":"post_tag","embeddable":true,"href":"https:\/\/www.locoxelrojo.com\/independiente\/wp-json\/wp\/v2\/tags?post=14195"}],"curies":[{"name":"wp","href":"https:\/\/api.w.org\/{rel}","templated":true}]}}