{"id":14206,"date":"2012-01-15T11:20:09","date_gmt":"2012-01-15T14:20:09","guid":{"rendered":"http:\/\/www.locoxelrojo.com.ar\/independiente\/?p=14206"},"modified":"2012-01-15T11:44:56","modified_gmt":"2012-01-15T14:44:56","slug":"cogorno-cuestiono-a-cantero","status":"publish","type":"post","link":"https:\/\/www.locoxelrojo.com\/independiente\/2012\/01\/15\/cogorno-cuestiono-a-cantero\/","title":{"rendered":"Cogorno cuestion\u00f3 a Cantero"},"content":{"rendered":"<p><a href=\"http:\/\/www.locoxelrojo.com.ar\/independiente\/wp-content\/uploads\/2012\/01\/cantero_cogorno2.jpg\"><img loading=\"lazy\" class=\"alignnone size-full wp-image-14212\" title=\"cantero_cogorno\" src=\"http:\/\/www.locoxelrojo.com.ar\/independiente\/wp-content\/uploads\/2012\/01\/cantero_cogorno2.jpg\" alt=\"\" width=\"590\" height=\"315\" srcset=\"https:\/\/locoxelrojo.com\/independiente\/wp-content\/uploads\/2012\/01\/cantero_cogorno2.jpg 590w, https:\/\/locoxelrojo.com\/independiente\/wp-content\/uploads\/2012\/01\/cantero_cogorno2-300x160.jpg 300w\" sizes=\"(max-width: 590px) 100vw, 590px\" \/><\/a><\/p>\n<p><strong>El presidente de Racing, en di\u00e1logo con el Diario Clar\u00edn cuestion\u00f3 al m\u00e1ximo dirigente de Independiente. Desde su punto de vista, Cantero no tendr\u00eda que haberse sentado a di\u00e1logar con Pablo \u00c1lvarez <\/strong>si es que tiene intenciones de sacar a la barra del club. Adem\u00e1s, puso en duda sus dichos.<\/p>\n<p>&#8220;S\u00e9 lo que vive Cantero, s\u00e9 lo que vivi\u00f3 antes de las elecciones y hasta el mismo d\u00eda de las elecciones. Hablamos dos o tres veces y quedamos en juntarnos. Yo me solidarizo con \u00e9l, pero <strong>\u00bfqu\u00e9 va a pasar con Cantero dentro de un mes? \u00bfPor qu\u00e9, si no quiere barras, le da entidad a uno, que ni siquiera s\u00e9 si es socio, y se sienta con \u00e9l a conversar? \u00bfSe sent\u00f3 a charlar con todos los socios?<\/strong>&#8220;, declar\u00f3 Gast\u00f3n Cogorno en la edici\u00f3n impresa del Diario Clar\u00edn de este domingo.<\/p>\n<p>Lo llamativo es que el dirigente de la vecina instituci\u00f3n admiti\u00f3 en la misma nota que las 3 facciones de su barra forman parte de la vida cotidiana del club. &#8220;Ac\u00e1 hay tres facciones: la 95, la Guardia Imperial y los Racing Stones.<strong> A nosotros por ah\u00ed nos vienen a pedir pases para la pileta, por ejemplo, y nosotros se los damos; no porque sean \u2018la barra\u2019, sino porque son gente conocida en el club<\/strong>, yo los conozco, si voy a la cancha hace m\u00e1s de 20 a\u00f1os. <strong>Y se los damos porque los tenemos identificados a todos y conviven en paz.<\/strong> En el club los vemos los fines de semana, no mucho m\u00e1s que eso&#8221;, concluy\u00f3.<\/p>\n","protected":false},"excerpt":{"rendered":"<p>El presidente de Racing, en di\u00e1logo con el Diario Clar\u00edn cuestion\u00f3 al m\u00e1ximo dirigente de Independiente. Desde su punto de vista, Cantero no tendr\u00eda que haberse sentado a di\u00e1logar con Pablo \u00c1lvarez si es que tiene intenciones de sacar a la barra del club. Adem\u00e1s, puso en duda sus dichos. &#8220;S\u00e9 lo que vive Cantero, [&hellip;]<\/p>\n","protected":false},"author":1,"featured_media":0,"comment_status":"open","ping_status":"open","sticky":false,"template":"","format":"standard","meta":{"_links_to":"","_links_to_target":""},"categories":[3,1],"tags":[1228,153,1227,723,210],"_links":{"self":[{"href":"https:\/\/www.locoxelrojo.com\/independiente\/wp-json\/wp\/v2\/posts\/14206"}],"collection":[{"href":"https:\/\/www.locoxelrojo.com\/independiente\/wp-json\/wp\/v2\/posts"}],"about":[{"href":"https:\/\/www.locoxelrojo.com\/independiente\/wp-json\/wp\/v2\/types\/post"}],"author":[{"embeddable":true,"href":"https:\/\/www.locoxelrojo.com\/independiente\/wp-json\/wp\/v2\/users\/1"}],"replies":[{"embeddable":true,"href":"https:\/\/www.locoxelrojo.com\/independiente\/wp-json\/wp\/v2\/comments?post=14206"}],"version-history":[{"count":0,"href":"https:\/\/www.locoxelrojo.com\/independiente\/wp-json\/wp\/v2\/posts\/14206\/revisions"}],"wp:attachment":[{"href":"https:\/\/www.locoxelrojo.com\/independiente\/wp-json\/wp\/v2\/media?parent=14206"}],"wp:term":[{"taxonomy":"category","embeddable":true,"href":"https:\/\/www.locoxelrojo.com\/independiente\/wp-json\/wp\/v2\/categories?post=14206"},{"taxonomy":"post_tag","embeddable":true,"href":"https:\/\/www.locoxelrojo.com\/independiente\/wp-json\/wp\/v2\/tags?post=14206"}],"curies":[{"name":"wp","href":"https:\/\/api.w.org\/{rel}","templated":true}]}}