{"id":14225,"date":"2012-01-16T15:08:51","date_gmt":"2012-01-16T18:08:51","guid":{"rendered":"http:\/\/www.locoxelrojo.com.ar\/independiente\/?p=14225"},"modified":"2012-01-16T16:16:26","modified_gmt":"2012-01-16T19:16:26","slug":"arranco-el-ciclo-magan-en-inferiores","status":"publish","type":"post","link":"https:\/\/www.locoxelrojo.com\/independiente\/2012\/01\/16\/arranco-el-ciclo-magan-en-inferiores\/","title":{"rendered":"Arranc\u00f3 el ciclo Mag\u00e1n en Inferiores"},"content":{"rendered":"<p><a href=\"http:\/\/www.locoxelrojo.com.ar\/independiente\/wp-content\/uploads\/2012\/01\/magan.jpg\"><img loading=\"lazy\" class=\"alignnone size-full wp-image-14226\" title=\"magan\" src=\"http:\/\/www.locoxelrojo.com.ar\/independiente\/wp-content\/uploads\/2012\/01\/magan.jpg\" alt=\"\" width=\"590\" height=\"315\" srcset=\"https:\/\/locoxelrojo.com\/independiente\/wp-content\/uploads\/2012\/01\/magan.jpg 590w, https:\/\/locoxelrojo.com\/independiente\/wp-content\/uploads\/2012\/01\/magan-300x160.jpg 300w\" sizes=\"(max-width: 590px) 100vw, 590px\" \/><\/a><\/p>\n<p><strong>Esta ma\u00f1ana en el predio de Villa Dom\u00ednico arranc\u00f3 el nuevo ciclo de Manuel Mag\u00e1n y Juan Cruz Anselmi Coordinaci\u00f3n de los Juveniles del Club Atl\u00e9tico Independiente<\/strong>, recuper\u00f3 el lugar que dej\u00f3 hace un a\u00f1o cuando Enrique Borrelli tom\u00f3 su cargo.<\/p>\n<p>Hoy y ma\u00f1ana se van a comenzar con las reuniones de programaci\u00f3n con los diferentes entrenadores y preparadores f\u00edsicos. <strong>Adem\u00e1s, se cre\u00f3 el Area de Captaci\u00f3n Federal y Local, compuesto por glorias del club que se encargar\u00e1n de buscar j\u00f3venes promesas para nutrir las Inferiores Rojas. Estar\u00e1 conformada por Francisco Sa, Ricardo Pavoni, Rub\u00e9n Galv\u00e1n, Roque Avallay, Agust\u00edn Balbuena y N\u00e9stor Rambert.<\/strong><\/p>\n<p>La idea de la nueva dirigencia para el F\u00fatbol de Inferiores es apostar en una nueva pensi\u00f3n, sin lujos, pero si algo confortable para que los chicos se sientan c\u00f3modos. <strong>La anterior pensi\u00f3n ya muestra algunos cambios: la misma fue pintada d\u00edas atr\u00e1s, algunas instalaciones fueron restauradas y tmbi\u00e9n hubo una donaci\u00f3n de s\u00e1banas y almohadas. Recordemos que a finales del a\u00f1o pasado, los jugadores del plantel profesional realizaron una importante donaci\u00f3n en placares a la cual se sum\u00f3 la Subcomisi\u00f3n del Hincha donando Colchones, Caloventores y una nueva mesa de Ping Pong.<\/strong><\/p>\n<p><strong>El 18 comenzar\u00e1n los entrenamientos de las categor\u00edas mayores: 4\u00ba, 5\u00ba y 6\u00ba, mientras que las menores, 7\u00ba, 8\u00ba y 9\u00ba, har\u00e1n lo propio el 23 de este mes.<\/strong> Mag\u00e1n decidi\u00f3 respetar los tiempos de vacaciones, que hab\u00eda otorgado Borrelli. <strong>El F\u00fatbol Infantil, reci\u00e9n comenzar\u00e1 entre los primeros d\u00edas de Febrero, los entrenamientos se har\u00e1n por la ma\u00f1ana en el predio de Wilde.<\/strong><\/p>\n<p><strong>Coordinador General de F\u00fatbol Juvenil e Infantil:<\/strong> Manuel Rosendo Mag\u00e1n<br \/>\n<strong>Coordinador del Departamento de Educaci\u00f3n F\u00edsica:<\/strong> Juan Cruz Anselmi<\/p>\n<p><strong>Inferiores:<\/strong><\/p>\n<p><strong>4\u00ba Divisi\u00f3n<\/strong>: Ariel Wiktor<br \/>\n<strong>5\u00ba Divisi\u00f3n: <\/strong>Adri\u00e1n Czornomaz<br \/>\n<strong>6\u00ba Divisi\u00f3n:<\/strong> Francisco Bersce<br \/>\n<strong>7\u00ba Divisi\u00f3n:<\/strong> Rub\u00e9n Tanucci<br \/>\n<strong>8\u00ba Divisi\u00f3n:<\/strong> Pablo Goglino<br \/>\n<strong>9\u00ba Divis\u00f3n:<\/strong> Alejandro Fern\u00e1ndez<\/p>\n<p><strong>Coordinador de F\u00fatbol Infantil:<\/strong> Enrique Borrelli<\/p>\n<p><strong>F\u00fatbol Infantil (AFA)<\/strong><\/p>\n<p><strong>Categor\u00eda 99:<\/strong> Jos\u00e9 Percudani<br \/>\n<strong>Categor\u00eda 00:<\/strong> Gustavo Yalve<br \/>\n<strong>Categor\u00eda 01:<\/strong> Ra\u00fal Garrandes<\/p>\n","protected":false},"excerpt":{"rendered":"<p>Esta ma\u00f1ana en el predio de Villa Dom\u00ednico arranc\u00f3 el nuevo ciclo de Manuel Mag\u00e1n y Juan Cruz Anselmi Coordinaci\u00f3n de los Juveniles del Club Atl\u00e9tico Independiente, recuper\u00f3 el lugar que dej\u00f3 hace un a\u00f1o cuando Enrique Borrelli tom\u00f3 su cargo. Hoy y ma\u00f1ana se van a comenzar con las reuniones de programaci\u00f3n con los [&hellip;]<\/p>\n","protected":false},"author":1,"featured_media":0,"comment_status":"open","ping_status":"open","sticky":false,"template":"","format":"standard","meta":{"_links_to":"","_links_to_target":""},"categories":[5,1],"tags":[153,307,1181,102],"_links":{"self":[{"href":"https:\/\/www.locoxelrojo.com\/independiente\/wp-json\/wp\/v2\/posts\/14225"}],"collection":[{"href":"https:\/\/www.locoxelrojo.com\/independiente\/wp-json\/wp\/v2\/posts"}],"about":[{"href":"https:\/\/www.locoxelrojo.com\/independiente\/wp-json\/wp\/v2\/types\/post"}],"author":[{"embeddable":true,"href":"https:\/\/www.locoxelrojo.com\/independiente\/wp-json\/wp\/v2\/users\/1"}],"replies":[{"embeddable":true,"href":"https:\/\/www.locoxelrojo.com\/independiente\/wp-json\/wp\/v2\/comments?post=14225"}],"version-history":[{"count":0,"href":"https:\/\/www.locoxelrojo.com\/independiente\/wp-json\/wp\/v2\/posts\/14225\/revisions"}],"wp:attachment":[{"href":"https:\/\/www.locoxelrojo.com\/independiente\/wp-json\/wp\/v2\/media?parent=14225"}],"wp:term":[{"taxonomy":"category","embeddable":true,"href":"https:\/\/www.locoxelrojo.com\/independiente\/wp-json\/wp\/v2\/categories?post=14225"},{"taxonomy":"post_tag","embeddable":true,"href":"https:\/\/www.locoxelrojo.com\/independiente\/wp-json\/wp\/v2\/tags?post=14225"}],"curies":[{"name":"wp","href":"https:\/\/api.w.org\/{rel}","templated":true}]}}