{"id":14287,"date":"2012-01-18T21:06:24","date_gmt":"2012-01-19T00:06:24","guid":{"rendered":"http:\/\/www.locoxelrojo.com.ar\/independiente\/?p=14287"},"modified":"2015-09-22T21:16:49","modified_gmt":"2015-09-23T00:16:49","slug":"hablo-el-tecla","status":"publish","type":"post","link":"https:\/\/www.locoxelrojo.com\/independiente\/2012\/01\/18\/hablo-el-tecla\/","title":{"rendered":"Habl\u00f3 Far\u00edas"},"content":{"rendered":"<p><a href=\"http:\/\/www.locoxelrojo.com.ar\/independiente\/wp-content\/uploads\/2012\/01\/caricaturizado_farias.jpg\"><img loading=\"lazy\" class=\"alignnone size-full wp-image-14288\" title=\"caricaturizado_farias\" src=\"http:\/\/www.locoxelrojo.com.ar\/independiente\/wp-content\/uploads\/2012\/01\/caricaturizado_farias.jpg\" alt=\"\" width=\"590\" height=\"315\" srcset=\"https:\/\/locoxelrojo.com\/independiente\/wp-content\/uploads\/2012\/01\/caricaturizado_farias.jpg 590w, https:\/\/locoxelrojo.com\/independiente\/wp-content\/uploads\/2012\/01\/caricaturizado_farias-300x160.jpg 300w\" sizes=\"(max-width: 590px) 100vw, 590px\" \/><\/a><\/p>\n<p><em>Caricatura: <a href=\"http:\/\/echeilus.blogspot.com\">Sebasti\u00e1n Etcheberry<\/a><\/em><\/p>\n<p>Ernesto Far\u00edas dialog\u00f3 por primera vez y antes de firmar su contrato con Independiente. Lo hizo en Brasil desde donde aclar\u00f3 que si bien le ofrecieron viajar a firmar el v\u00ednculo para despu\u00e9s volver y trasladarse, esperar\u00e1 hasta el viernes para resolver sus cuestiones personales. El fin de semana se pondr\u00e1 a las \u00f3rdenes de Ram\u00f3n D\u00edaz.<\/p>\n<p>&#8220;Si bien me crie en Estudiantes, hoy me debo a Independiente&#8221;, fueron sus primeras palabras en radio La Red cuando lo consultaron sobre el supuesto inter\u00e9s del club platense. &#8220;Cuando un club quiere traer un jugador, va y lo trae si realmente tiene ganas&#8221;, agreg\u00f3 al estimar el esfuerzo que los dirigentes Rojos hacen para que el delantero llegue a Avellaneda.<\/p>\n<p>Seg\u00fan cont\u00f3, restan cuestiones peque\u00f1as como resolver su mudanza y el traslado de las pertenencias m\u00e1s importantes par que el jugador llegue al pa\u00eds, se haga la revisi\u00f3n m\u00e9dica y firme su pr\u00e9stamo por un a\u00f1o. Reci\u00e9n all\u00ed viajar\u00e1 a Mar de Plata para ponerse a las \u00f3rdenes de Ram\u00f3n D\u00edaz quien lo espera el pr\u00f3ximo s\u00e1bado.<\/p>\n","protected":false},"excerpt":{"rendered":"<p>Caricatura: Sebasti\u00e1n Etcheberry Ernesto Far\u00edas dialog\u00f3 por primera vez y antes de firmar su contrato con Independiente. Lo hizo en Brasil desde donde aclar\u00f3 que si bien le ofrecieron viajar a firmar el v\u00ednculo para despu\u00e9s volver y trasladarse, esperar\u00e1 hasta el viernes para resolver sus cuestiones personales. El fin de semana se pondr\u00e1 a [&hellip;]<\/p>\n","protected":false},"author":1,"featured_media":0,"comment_status":"open","ping_status":"open","sticky":false,"template":"","format":"standard","meta":{"_links_to":"","_links_to_target":""},"categories":[3,1],"tags":[153,957,946,173,500],"_links":{"self":[{"href":"https:\/\/www.locoxelrojo.com\/independiente\/wp-json\/wp\/v2\/posts\/14287"}],"collection":[{"href":"https:\/\/www.locoxelrojo.com\/independiente\/wp-json\/wp\/v2\/posts"}],"about":[{"href":"https:\/\/www.locoxelrojo.com\/independiente\/wp-json\/wp\/v2\/types\/post"}],"author":[{"embeddable":true,"href":"https:\/\/www.locoxelrojo.com\/independiente\/wp-json\/wp\/v2\/users\/1"}],"replies":[{"embeddable":true,"href":"https:\/\/www.locoxelrojo.com\/independiente\/wp-json\/wp\/v2\/comments?post=14287"}],"version-history":[{"count":0,"href":"https:\/\/www.locoxelrojo.com\/independiente\/wp-json\/wp\/v2\/posts\/14287\/revisions"}],"wp:attachment":[{"href":"https:\/\/www.locoxelrojo.com\/independiente\/wp-json\/wp\/v2\/media?parent=14287"}],"wp:term":[{"taxonomy":"category","embeddable":true,"href":"https:\/\/www.locoxelrojo.com\/independiente\/wp-json\/wp\/v2\/categories?post=14287"},{"taxonomy":"post_tag","embeddable":true,"href":"https:\/\/www.locoxelrojo.com\/independiente\/wp-json\/wp\/v2\/tags?post=14287"}],"curies":[{"name":"wp","href":"https:\/\/api.w.org\/{rel}","templated":true}]}}