{"id":14342,"date":"2012-01-22T08:00:52","date_gmt":"2012-01-22T11:00:52","guid":{"rendered":"http:\/\/www.locoxelrojo.com.ar\/independiente\/?p=14342"},"modified":"2012-01-22T10:35:07","modified_gmt":"2012-01-22T13:35:07","slug":"%c2%bfse-va-gabbarini","status":"publish","type":"post","link":"https:\/\/www.locoxelrojo.com\/independiente\/2012\/01\/22\/%c2%bfse-va-gabbarini\/","title":{"rendered":"\u00bfSe va Gabbarini?"},"content":{"rendered":"<p><a href=\"http:\/\/www.locoxelrojo.com.ar\/independiente\/wp-content\/uploads\/2012\/01\/adrian_gabbarini.jpg\"><img loading=\"lazy\" class=\"alignnone size-full wp-image-14343\" title=\"adrian_gabbarini\" src=\"http:\/\/www.locoxelrojo.com.ar\/independiente\/wp-content\/uploads\/2012\/01\/adrian_gabbarini.jpg\" alt=\"\" width=\"590\" height=\"315\" srcset=\"https:\/\/locoxelrojo.com\/independiente\/wp-content\/uploads\/2012\/01\/adrian_gabbarini.jpg 590w, https:\/\/locoxelrojo.com\/independiente\/wp-content\/uploads\/2012\/01\/adrian_gabbarini-300x160.jpg 300w\" sizes=\"(max-width: 590px) 100vw, 590px\" \/><\/a><\/p>\n<p>Independiente tiene claras intenciones de desprenderse de un arquero desde hace m\u00e1s de un a\u00f1o. Sin embargo, producto de la falta de confianza en la anterior dirigencia, ninguno recibi\u00f3 ofertas hasta el \u00faltimo mercado de pases. El Rojo tiene 5 arqueros con contrato profesional puesto a que a Fabi\u00e1n Assmann, Adri\u00e1n Gabbarini, Hilario Navarro y Diego Rodr\u00edguez se suma Facundo Daffonchio, hoy titular en Reserva.<\/p>\n<p>Si bien a mediados de la semana pasada hubo una reuni\u00f3n en la Sede Social de Avellaneda con Leonardo Rodr\u00edguez, representante de Hilario Navarro, para intentar ubicar al jugador en el mercado extranjero; a\u00fan no hubo ofertas formales y el que puede estar cerca de irse es Adri\u00e1n Gabbarini.<\/p>\n<p>El arquero titular durante el ciclo de Am\u00e9rico Rub\u00e9n Gallego estuvo a la expectativa por el inter\u00e9s de Catania y espera una oferta europea, pero el Colo Colo tiene intenciones de llev\u00e1rselo. Tambi\u00e9n hubo sondeos de M\u00e9xico.<\/p>\n<p>Adri\u00e1n Gabbarini apenas tuvo 3 presentaciones como titular en el \u00faltimo Apertura -2-1 vs. San Mart\u00edn de San Juan, 3-0 vs. Olimpo y 1-1 vs. Newells-. El arquero debut\u00f3 el 13 de septiembre de 2009 en la derrota 2-1 con Estudiantes de la Plata y totaliza 53 partidos defendiendo el arco de Independiente.<\/p>\n","protected":false},"excerpt":{"rendered":"<p>Independiente tiene claras intenciones de desprenderse de un arquero desde hace m\u00e1s de un a\u00f1o. Sin embargo, producto de la falta de confianza en la anterior dirigencia, ninguno recibi\u00f3 ofertas hasta el \u00faltimo mercado de pases. El Rojo tiene 5 arqueros con contrato profesional puesto a que a Fabi\u00e1n Assmann, Adri\u00e1n Gabbarini, Hilario Navarro y [&hellip;]<\/p>\n","protected":false},"author":1,"featured_media":0,"comment_status":"open","ping_status":"open","sticky":false,"template":"","format":"standard","meta":{"_links_to":"","_links_to_target":""},"categories":[3,1],"tags":[77,153,173],"_links":{"self":[{"href":"https:\/\/www.locoxelrojo.com\/independiente\/wp-json\/wp\/v2\/posts\/14342"}],"collection":[{"href":"https:\/\/www.locoxelrojo.com\/independiente\/wp-json\/wp\/v2\/posts"}],"about":[{"href":"https:\/\/www.locoxelrojo.com\/independiente\/wp-json\/wp\/v2\/types\/post"}],"author":[{"embeddable":true,"href":"https:\/\/www.locoxelrojo.com\/independiente\/wp-json\/wp\/v2\/users\/1"}],"replies":[{"embeddable":true,"href":"https:\/\/www.locoxelrojo.com\/independiente\/wp-json\/wp\/v2\/comments?post=14342"}],"version-history":[{"count":0,"href":"https:\/\/www.locoxelrojo.com\/independiente\/wp-json\/wp\/v2\/posts\/14342\/revisions"}],"wp:attachment":[{"href":"https:\/\/www.locoxelrojo.com\/independiente\/wp-json\/wp\/v2\/media?parent=14342"}],"wp:term":[{"taxonomy":"category","embeddable":true,"href":"https:\/\/www.locoxelrojo.com\/independiente\/wp-json\/wp\/v2\/categories?post=14342"},{"taxonomy":"post_tag","embeddable":true,"href":"https:\/\/www.locoxelrojo.com\/independiente\/wp-json\/wp\/v2\/tags?post=14342"}],"curies":[{"name":"wp","href":"https:\/\/api.w.org\/{rel}","templated":true}]}}