{"id":14386,"date":"2012-01-23T12:10:15","date_gmt":"2012-01-23T15:10:15","guid":{"rendered":"http:\/\/www.locoxelrojo.com.ar\/independiente\/?p=14386"},"modified":"2012-01-23T12:10:15","modified_gmt":"2012-01-23T15:10:15","slug":"fuentes-ya-nos-hemos-retirado-de-mercado","status":"publish","type":"post","link":"https:\/\/www.locoxelrojo.com\/independiente\/2012\/01\/23\/fuentes-ya-nos-hemos-retirado-de-mercado\/","title":{"rendered":"Fuentes: &#8220;Ya nos hemos retirado de mercado&#8221;"},"content":{"rendered":"<p><a href=\"http:\/\/www.locoxelrojo.com.ar\/independiente\/wp-content\/uploads\/2012\/01\/mario_fuentes.jpg\"><img loading=\"lazy\" class=\"alignnone size-full wp-image-14387\" title=\"mario_fuentes\" src=\"http:\/\/www.locoxelrojo.com.ar\/independiente\/wp-content\/uploads\/2012\/01\/mario_fuentes.jpg\" alt=\"\" width=\"590\" height=\"315\" srcset=\"https:\/\/locoxelrojo.com\/independiente\/wp-content\/uploads\/2012\/01\/mario_fuentes.jpg 590w, https:\/\/locoxelrojo.com\/independiente\/wp-content\/uploads\/2012\/01\/mario_fuentes-300x160.jpg 300w\" sizes=\"(max-width: 590px) 100vw, 590px\" \/><\/a><\/p>\n<p><strong>Mario Fuentes, Secretario Deportivo del Club Atl\u00e9tico Independiente<\/strong>, destac\u00f3 el trabajo que se comenz\u00f3 a realizar en las diversas actividades del club. Adem\u00e1s, desminti\u00f3 versiones period\u00edsticas sobre posibles ventas.<strong> &#8220;Vel\u00e1zquez y Rodr\u00edguez no son prescindibles y ya nos hemos retirado del mercado&#8221;<\/strong>, declar\u00f3 sobre el rumor que vinculaba a Silvera nuevamente con la instituci\u00f3n.<\/p>\n<p>Respecto a Carlos Matheu, dijo: <strong>&#8220;naci\u00f3 en el club y lo valoramos como tal. Adem\u00e1s, fue capit\u00e1n en el equipo que se consagr\u00f3 campe\u00f3n de la Copa Sudamericana. Es un gran profesional y hay ofertas pero el jugador quiere quedarse a pelear un puesto en el club&#8221;<\/strong>. Adem\u00e1s, dej\u00f3 en claro que Far\u00edas llegar\u00e1 en la noche del lunes. &#8220;<strong>Har\u00e1 tr\u00e1mites personales y luego se sumar\u00e1 al plantel<\/strong>&#8220;, explic\u00f3 al programa partidario Independiente de Am\u00e9rica.<\/p>\n<p>Por \u00faltimo, destac\u00f3 el trabajo que se vienen desarrollando junto a la comisi\u00f3n directiva en las diferentes actividades del club. <strong>&#8220;Queremos llegar a todos los rincones del pa\u00eds para captar mejor el f\u00fatbol y el resto de los deportes. El hincha respira f\u00fatbol pero todas las disciplinas necesitan tratamiento, respeto y gesti\u00f3n&#8221;<\/strong>, concluy\u00f3.<\/p>\n","protected":false},"excerpt":{"rendered":"<p>Mario Fuentes, Secretario Deportivo del Club Atl\u00e9tico Independiente, destac\u00f3 el trabajo que se comenz\u00f3 a realizar en las diversas actividades del club. Adem\u00e1s, desminti\u00f3 versiones period\u00edsticas sobre posibles ventas. &#8220;Vel\u00e1zquez y Rodr\u00edguez no son prescindibles y ya nos hemos retirado del mercado&#8221;, declar\u00f3 sobre el rumor que vinculaba a Silvera nuevamente con la instituci\u00f3n. Respecto [&hellip;]<\/p>\n","protected":false},"author":1,"featured_media":0,"comment_status":"open","ping_status":"open","sticky":false,"template":"","format":"standard","meta":{"_links_to":"","_links_to_target":""},"categories":[3,1],"tags":[155,153,946,173,1166],"_links":{"self":[{"href":"https:\/\/www.locoxelrojo.com\/independiente\/wp-json\/wp\/v2\/posts\/14386"}],"collection":[{"href":"https:\/\/www.locoxelrojo.com\/independiente\/wp-json\/wp\/v2\/posts"}],"about":[{"href":"https:\/\/www.locoxelrojo.com\/independiente\/wp-json\/wp\/v2\/types\/post"}],"author":[{"embeddable":true,"href":"https:\/\/www.locoxelrojo.com\/independiente\/wp-json\/wp\/v2\/users\/1"}],"replies":[{"embeddable":true,"href":"https:\/\/www.locoxelrojo.com\/independiente\/wp-json\/wp\/v2\/comments?post=14386"}],"version-history":[{"count":0,"href":"https:\/\/www.locoxelrojo.com\/independiente\/wp-json\/wp\/v2\/posts\/14386\/revisions"}],"wp:attachment":[{"href":"https:\/\/www.locoxelrojo.com\/independiente\/wp-json\/wp\/v2\/media?parent=14386"}],"wp:term":[{"taxonomy":"category","embeddable":true,"href":"https:\/\/www.locoxelrojo.com\/independiente\/wp-json\/wp\/v2\/categories?post=14386"},{"taxonomy":"post_tag","embeddable":true,"href":"https:\/\/www.locoxelrojo.com\/independiente\/wp-json\/wp\/v2\/tags?post=14386"}],"curies":[{"name":"wp","href":"https:\/\/api.w.org\/{rel}","templated":true}]}}