{"id":14393,"date":"2012-01-23T13:23:18","date_gmt":"2012-01-23T16:23:18","guid":{"rendered":"http:\/\/www.locoxelrojo.com.ar\/independiente\/?p=14393"},"modified":"2012-01-23T13:23:18","modified_gmt":"2012-01-23T16:23:18","slug":"sin-ofertas","status":"publish","type":"post","link":"https:\/\/www.locoxelrojo.com\/independiente\/2012\/01\/23\/sin-ofertas\/","title":{"rendered":"Sin ofertas"},"content":{"rendered":"<p><a href=\"http:\/\/www.locoxelrojo.com.ar\/independiente\/wp-content\/uploads\/2012\/01\/churin_clara_caceres.jpg\"><img loading=\"lazy\" class=\"alignnone size-full wp-image-14394\" title=\"churin_clara_caceres\" src=\"http:\/\/www.locoxelrojo.com.ar\/independiente\/wp-content\/uploads\/2012\/01\/churin_clara_caceres.jpg\" alt=\"\" width=\"590\" height=\"315\" srcset=\"https:\/\/locoxelrojo.com\/independiente\/wp-content\/uploads\/2012\/01\/churin_clara_caceres.jpg 590w, https:\/\/locoxelrojo.com\/independiente\/wp-content\/uploads\/2012\/01\/churin_clara_caceres-300x160.jpg 300w\" sizes=\"(max-width: 590px) 100vw, 590px\" \/><\/a><\/p>\n<p>Gino Clara y Diego Chur\u00edn contin\u00faan entren\u00e1ndose con la Reserva. Sin embargo, Cristian D\u00edaz no los incluy\u00f3 en los amistosos disputados frente a Berazategui. Tampoco lo hicieron Ignacio Barcia y Samuel C\u00e1ceres quienes ya est\u00e1n 2 a\u00f1os por encima de la edad estipulada para la tercera divisi\u00f3n.<\/p>\n<p>&#8220;A Chur\u00edn lo hice debutar en Primera, lo conozco. Es de esos gringos de campo, duros, fuertes. Y hoy, con la cantidad de centros que est\u00e1n lloviendo en las pr\u00e1cticas de Gimnasia, con Casco, con Cabrera, con Choy, con Sapetti o con el que le toque jugar, necesitamos un &#8216;percher\u00f3n&#8217; de estos en el centro del \u00e1rea. Es un jugador muy aguerrido, de pelearse con los centrales; va bien de cabeza. L\u00f3gicamente, es un pibe de 22 a\u00f1os y todav\u00eda tiene que explotar. Pero ojo, tambi\u00e9n puede explotar en Gimnasia&#8221;, declar\u00f3 Pedro Troglio sobre el delantero la semana pasada. Sin embargo, la dirigencia del Lobo lo desestim\u00f3.<\/p>\n<p>Otro pase ca\u00eddo es el de Samuel C\u00e1ceres a Rubio \u00d1u de Paraguay. &#8220;Que lastima, te da bronca todo esto. Otro m\u00e1s que se cae&#8221;, escribi\u00f3 el defensor en Twitter molesto con la dirigencia porque el pase tard\u00f3 m\u00e1s de la cuenta y los paraguayos contrataron a otro jugador.\u00a0Por Gino Clara e Ignacio Barcia no hay ofrecimientos y por ahora se entrenan en el club.<\/p>\n","protected":false},"excerpt":{"rendered":"<p>Gino Clara y Diego Chur\u00edn contin\u00faan entren\u00e1ndose con la Reserva. Sin embargo, Cristian D\u00edaz no los incluy\u00f3 en los amistosos disputados frente a Berazategui. Tampoco lo hicieron Ignacio Barcia y Samuel C\u00e1ceres quienes ya est\u00e1n 2 a\u00f1os por encima de la edad estipulada para la tercera divisi\u00f3n. &#8220;A Chur\u00edn lo hice debutar en Primera, lo [&hellip;]<\/p>\n","protected":false},"author":1,"featured_media":0,"comment_status":"open","ping_status":"open","sticky":false,"template":"","format":"standard","meta":{"_links_to":"","_links_to_target":""},"categories":[3,1],"tags":[153,455,609,122,173,192],"_links":{"self":[{"href":"https:\/\/www.locoxelrojo.com\/independiente\/wp-json\/wp\/v2\/posts\/14393"}],"collection":[{"href":"https:\/\/www.locoxelrojo.com\/independiente\/wp-json\/wp\/v2\/posts"}],"about":[{"href":"https:\/\/www.locoxelrojo.com\/independiente\/wp-json\/wp\/v2\/types\/post"}],"author":[{"embeddable":true,"href":"https:\/\/www.locoxelrojo.com\/independiente\/wp-json\/wp\/v2\/users\/1"}],"replies":[{"embeddable":true,"href":"https:\/\/www.locoxelrojo.com\/independiente\/wp-json\/wp\/v2\/comments?post=14393"}],"version-history":[{"count":0,"href":"https:\/\/www.locoxelrojo.com\/independiente\/wp-json\/wp\/v2\/posts\/14393\/revisions"}],"wp:attachment":[{"href":"https:\/\/www.locoxelrojo.com\/independiente\/wp-json\/wp\/v2\/media?parent=14393"}],"wp:term":[{"taxonomy":"category","embeddable":true,"href":"https:\/\/www.locoxelrojo.com\/independiente\/wp-json\/wp\/v2\/categories?post=14393"},{"taxonomy":"post_tag","embeddable":true,"href":"https:\/\/www.locoxelrojo.com\/independiente\/wp-json\/wp\/v2\/tags?post=14393"}],"curies":[{"name":"wp","href":"https:\/\/api.w.org\/{rel}","templated":true}]}}