{"id":14396,"date":"2012-01-23T21:16:22","date_gmt":"2012-01-23T23:16:22","guid":{"rendered":"http:\/\/www.locoxelrojo.com.ar\/independiente\/?p=14396"},"modified":"2015-09-22T21:21:14","modified_gmt":"2015-09-23T00:21:14","slug":"matheu-la-decision-es-politica-y-no-futbolistica","status":"publish","type":"post","link":"https:\/\/www.locoxelrojo.com\/independiente\/2012\/01\/23\/matheu-la-decision-es-politica-y-no-futbolistica\/","title":{"rendered":"Matheu: &#8220;La decisi\u00f3n es pol\u00edtica y no futbol\u00edstica&#8221;"},"content":{"rendered":"<p><a href=\"http:\/\/www.locoxelrojo.com.ar\/independiente\/wp-content\/uploads\/2012\/01\/Carlos_Matheu.jpg\"><img loading=\"lazy\" class=\"alignnone size-full wp-image-14397\" title=\"Carlos_Matheu\" src=\"http:\/\/www.locoxelrojo.com.ar\/independiente\/wp-content\/uploads\/2012\/01\/Carlos_Matheu.jpg\" alt=\"\" width=\"590\" height=\"315\" srcset=\"https:\/\/locoxelrojo.com\/independiente\/wp-content\/uploads\/2012\/01\/Carlos_Matheu.jpg 590w, https:\/\/locoxelrojo.com\/independiente\/wp-content\/uploads\/2012\/01\/Carlos_Matheu-300x160.jpg 300w\" sizes=\"(max-width: 590px) 100vw, 590px\" \/><\/a><\/p>\n<p><strong>Carlos Matheu<\/strong> se refiri\u00f3 a su posible ida de Independiente y entendi\u00f3 que las presiones exceden a lo futbol\u00edstico. <strong>&#8220;La decisi\u00f3n es pol\u00edtica y no futbol\u00edstica, me quedan 6 meses de contrato y no soy el \u00fanico que lleg\u00f3 con Comparada&#8221;<\/strong>, declar\u00f3 en Radio la Red. Luego, agreg\u00f3: <strong>&#8220;creo que es una decisi\u00f3n de Cantero y no de Ram\u00f3n D\u00edaz&#8221;.<\/strong><\/p>\n<p>Respecto a la posibilidad de irse a otro equipo para ser titular, aclar\u00f3: <strong>&#8220;no tengo inconvenientes de ir al banco como el semestre pasado. Esta es m\u00ed casa, soy un eterno agradecido a la gente y al club, me llev\u00f3 a Europa y la selecci\u00f3n&#8221;<\/strong>. Hasta el momento, el defensor tuvo ofertas de Newells, Banfield y Paraguay.<\/p>\n<p><strong>&#8220;Cada uno sabe las formas de manejarse, soy franco y derecho. El f\u00fatbol es ingrato y yo tengo otra forma de ser&#8221;<\/strong>, volvi\u00f3 a chicanear. Y a\u00f1adi\u00f3: <strong>&#8220;ojal\u00e1 que la lucha no sea desigual, por ah\u00ed esta lucha es m\u00e1s complicada que las dem\u00e1s pero quiero lo mejor para el club. Tengo ganas de quedarme, pienso en ganarme un lugar y hacer las cosas bien pero me desayun\u00e9 con esto&#8221;.<\/strong> Por \u00faltimo, dej\u00f3 en claro que a\u00fan le deben dinero. <strong>&#8220;Hay deuda y tratan de acomodarla&#8221;<\/strong>, cerr\u00f3.<\/p>\n<p><em><strong>Escuch\u00e1 el audio:<\/strong><\/em><\/p>\n<p><object width=\"422\" height=\"94\" classid=\"clsid:d27cdb6e-ae6d-11cf-96b8-444553540000\" codebase=\"http:\/\/download.macromedia.com\/pub\/shockwave\/cabs\/flash\/swflash.cab#version=6,0,40,0\"><param name=\"allowFullScreen\" value=\"true\" \/><param name=\"allowscriptaccess\" value=\"always\" \/><param name=\"wmode\" value=\"transparent\" \/><param name=\"src\" value=\"http:\/\/www.divshare.com\/flash\/audio_embed?data=YTo2OntzOjU6ImFwaUlkIjtpOjQ7czo2OiJmaWxlSWQiO2k6MTY2MzQ5OTE7czo0OiJjb2RlIjtzOjEyOiIxNjYzNDk5MS1mZjUiO3M6NjoidXNlcklkIjtpOjIzNTQ5OTU7czoxMjoiZXh0ZXJuYWxDYWxsIjtpOjE7czo0OiJ0aW1lIjtpOjEzMjczNjA1ODk7fQ==&amp;autoplay=\" \/><param name=\"allowfullscreen\" value=\"true\" \/><embed type=\"application\/x-shockwave-flash\" width=\"422\" height=\"94\" src=\"http:\/\/www.divshare.com\/flash\/audio_embed?data=YTo2OntzOjU6ImFwaUlkIjtpOjQ7czo2OiJmaWxlSWQiO2k6MTY2MzQ5OTE7czo0OiJjb2RlIjtzOjEyOiIxNjYzNDk5MS1mZjUiO3M6NjoidXNlcklkIjtpOjIzNTQ5OTU7czoxMjoiZXh0ZXJuYWxDYWxsIjtpOjE7czo0OiJ0aW1lIjtpOjEzMjczNjA1ODk7fQ==&amp;autoplay=\" wmode=\"transparent\" allowscriptaccess=\"always\" allowfullscreen=\"true\"><\/embed><\/object><\/p>\n","protected":false},"excerpt":{"rendered":"<p>Carlos Matheu se refiri\u00f3 a su posible ida de Independiente y entendi\u00f3 que las presiones exceden a lo futbol\u00edstico. &#8220;La decisi\u00f3n es pol\u00edtica y no futbol\u00edstica, me quedan 6 meses de contrato y no soy el \u00fanico que lleg\u00f3 con Comparada&#8221;, declar\u00f3 en Radio la Red. Luego, agreg\u00f3: &#8220;creo que es una decisi\u00f3n de Cantero [&hellip;]<\/p>\n","protected":false},"author":1,"featured_media":0,"comment_status":"open","ping_status":"open","sticky":false,"template":"","format":"standard","meta":{"_links_to":"","_links_to_target":""},"categories":[3,1],"tags":[677,27,153,173],"_links":{"self":[{"href":"https:\/\/www.locoxelrojo.com\/independiente\/wp-json\/wp\/v2\/posts\/14396"}],"collection":[{"href":"https:\/\/www.locoxelrojo.com\/independiente\/wp-json\/wp\/v2\/posts"}],"about":[{"href":"https:\/\/www.locoxelrojo.com\/independiente\/wp-json\/wp\/v2\/types\/post"}],"author":[{"embeddable":true,"href":"https:\/\/www.locoxelrojo.com\/independiente\/wp-json\/wp\/v2\/users\/1"}],"replies":[{"embeddable":true,"href":"https:\/\/www.locoxelrojo.com\/independiente\/wp-json\/wp\/v2\/comments?post=14396"}],"version-history":[{"count":0,"href":"https:\/\/www.locoxelrojo.com\/independiente\/wp-json\/wp\/v2\/posts\/14396\/revisions"}],"wp:attachment":[{"href":"https:\/\/www.locoxelrojo.com\/independiente\/wp-json\/wp\/v2\/media?parent=14396"}],"wp:term":[{"taxonomy":"category","embeddable":true,"href":"https:\/\/www.locoxelrojo.com\/independiente\/wp-json\/wp\/v2\/categories?post=14396"},{"taxonomy":"post_tag","embeddable":true,"href":"https:\/\/www.locoxelrojo.com\/independiente\/wp-json\/wp\/v2\/tags?post=14396"}],"curies":[{"name":"wp","href":"https:\/\/api.w.org\/{rel}","templated":true}]}}