{"id":14402,"date":"2012-01-23T20:26:50","date_gmt":"2012-01-23T23:26:50","guid":{"rendered":"http:\/\/www.locoxelrojo.com.ar\/independiente\/?p=14402"},"modified":"2015-09-22T21:20:51","modified_gmt":"2015-09-23T00:20:51","slug":"cantero-si-a-falcioni-le-dolio-perder-me-pone-contento","status":"publish","type":"post","link":"https:\/\/www.locoxelrojo.com\/independiente\/2012\/01\/23\/cantero-si-a-falcioni-le-dolio-perder-me-pone-contento\/","title":{"rendered":"Cantero: &#8220;Si a Falcioni le doli\u00f3 perder, me pone contento&#8221;"},"content":{"rendered":"<p><a href=\"http:\/\/www.locoxelrojo.com.ar\/independiente\/wp-content\/uploads\/2012\/01\/javier_cantero2.jpg\"><img loading=\"lazy\" class=\"alignnone size-full wp-image-14403\" title=\"javier_cantero\" src=\"http:\/\/www.locoxelrojo.com.ar\/independiente\/wp-content\/uploads\/2012\/01\/javier_cantero2.jpg\" alt=\"\" width=\"590\" height=\"315\" srcset=\"https:\/\/locoxelrojo.com\/independiente\/wp-content\/uploads\/2012\/01\/javier_cantero2.jpg 590w, https:\/\/locoxelrojo.com\/independiente\/wp-content\/uploads\/2012\/01\/javier_cantero2-300x160.jpg 300w\" sizes=\"(max-width: 590px) 100vw, 590px\" \/><\/a><\/p>\n<p><strong>Javier Cantero<\/strong>, molesto con las cr\u00edticas del t\u00e9cnico de Boca, sali\u00f3 al cruce con Falcioni y le record\u00f3 su identidad futbol\u00edstica. <strong>&#8220;No me gustaba como jugaba su Independiente, ya que no iba con nuestra historia. S\u00f3lo se tiraba pelotazos para buscar a Frutos&#8221;<\/strong>, record\u00f3.<\/p>\n<p>Luego, se refiri\u00f3 a las quejas de Boca para con el arbitraje y el planteo t\u00e1ctico del Rojo. &#8220;<strong>Si al t\u00e9cnico de Boca le doli\u00f3 perder, me pone contento&#8221;<\/strong>, chicane\u00f3 en <strong>ESPN Radio por Rivadavia. <\/strong><\/p>\n<p>Por \u00faltimo, se refiri\u00f3 a estilos diferentes pero destac\u00f3 el trabajo del actual t\u00e9cnico boquense. <strong>&#8220;Falcioni es un gran profesional, pero no va con nuestra identidad futbol\u00edstica&#8221;<\/strong>, asever\u00f3.<\/p>\n","protected":false},"excerpt":{"rendered":"<p>Javier Cantero, molesto con las cr\u00edticas del t\u00e9cnico de Boca, sali\u00f3 al cruce con Falcioni y le record\u00f3 su identidad futbol\u00edstica. &#8220;No me gustaba como jugaba su Independiente, ya que no iba con nuestra historia. S\u00f3lo se tiraba pelotazos para buscar a Frutos&#8221;, record\u00f3. Luego, se refiri\u00f3 a las quejas de Boca para con el [&hellip;]<\/p>\n","protected":false},"author":1,"featured_media":0,"comment_status":"open","ping_status":"open","sticky":false,"template":"","format":"standard","meta":{"_links_to":"","_links_to_target":""},"categories":[3,1],"tags":[193,153,173,385],"_links":{"self":[{"href":"https:\/\/www.locoxelrojo.com\/independiente\/wp-json\/wp\/v2\/posts\/14402"}],"collection":[{"href":"https:\/\/www.locoxelrojo.com\/independiente\/wp-json\/wp\/v2\/posts"}],"about":[{"href":"https:\/\/www.locoxelrojo.com\/independiente\/wp-json\/wp\/v2\/types\/post"}],"author":[{"embeddable":true,"href":"https:\/\/www.locoxelrojo.com\/independiente\/wp-json\/wp\/v2\/users\/1"}],"replies":[{"embeddable":true,"href":"https:\/\/www.locoxelrojo.com\/independiente\/wp-json\/wp\/v2\/comments?post=14402"}],"version-history":[{"count":0,"href":"https:\/\/www.locoxelrojo.com\/independiente\/wp-json\/wp\/v2\/posts\/14402\/revisions"}],"wp:attachment":[{"href":"https:\/\/www.locoxelrojo.com\/independiente\/wp-json\/wp\/v2\/media?parent=14402"}],"wp:term":[{"taxonomy":"category","embeddable":true,"href":"https:\/\/www.locoxelrojo.com\/independiente\/wp-json\/wp\/v2\/categories?post=14402"},{"taxonomy":"post_tag","embeddable":true,"href":"https:\/\/www.locoxelrojo.com\/independiente\/wp-json\/wp\/v2\/tags?post=14402"}],"curies":[{"name":"wp","href":"https:\/\/api.w.org\/{rel}","templated":true}]}}